[{"command":"settings","settings":{"basePath":"\/","pathPrefix":"","ajaxPageState":{"theme":"mix_and_match","theme_token":"FCF5dxstVJj67qoLM1W8cjLnl7lkLyD7U_AZMy0gEl0"}},"merge":true},{"command":"insert","method":"html","selector":"#ajax-response-goes-here","data":"\u003Ctable class=\u0022sticky-enabled\u0022\u003E\n \u003Cthead\u003E\u003Ctr\u003E\u003Cth\u003EDatabase\u003C\/th\u003E\u003Cth\u003EChant Count\u003C\/th\u003E\u003Cth\u003ELast Update\u003C\/th\u003E \u003C\/tr\u003E\u003C\/thead\u003E\n\u003Ctbody\u003E\n \u003Ctr class=\u0022odd\u0022\u003E\u003Ctd\u003E\u003Cb\u003EMedieval Music Manuscripts Online\u003C\/b\u003E\u003Cbr\u003Ehttps:\/\/musmed.eu\u003C\/td\u003E\u003Ctd\u003E\u003Ca href=\u0022https:\/\/musmed.eu\/id\/008429za\u0022 target=\u0022_blank\u0022\u003E\u003Cb\u003E69\u003C\/b\u003E chant(s)\u003C\/a\u003E\u003C\/td\u003E\u003Ctd\u003E54 hours 36 minutes ago\u003C\/td\u003E \u003C\/tr\u003E\n \u003Ctr class=\u0022even\u0022\u003E\u003Ctd\u003E\u003Cb\u003ECantus Database\u003C\/b\u003E\u003Cbr\u003Ehttps:\/\/cantusdatabase.org\u003C\/td\u003E\u003Ctd\u003E\u003Ca href=\u0022https:\/\/cantusdatabase.org\/id\/008429za\u0022 target=\u0022_blank\u0022\u003E\u003Cb\u003E6\u003C\/b\u003E chant(s)\u003C\/a\u003E\u003C\/td\u003E\u003Ctd\u003E67 hours 56 minutes ago\u003C\/td\u003E \u003C\/tr\u003E\n \u003Ctr class=\u0022odd\u0022\u003E\u003Ctd\u003E\u003Cb\u003EFontes Cantus Bohemiae\u003C\/b\u003E\u003Cbr\u003Ehttps:\/\/cantusbohemiae.cz\u003C\/td\u003E\u003Ctd\u003E\u003Ca href=\u0022https:\/\/cantusbohemiae.cz\/id\/008429za\u0022 target=\u0022_blank\u0022\u003E\u003Cb\u003E6\u003C\/b\u003E chant(s)\u003C\/a\u003E\u003C\/td\u003E\u003Ctd\u003E49 hours 36 minutes ago\u003C\/td\u003E \u003C\/tr\u003E\n \u003Ctr class=\u0022even\u0022\u003E\u003Ctd\u003E\u003Cb\u003ESlovak Early Music Database\u003C\/b\u003E\u003Cbr\u003Ehttps:\/\/cantus.sk\u003C\/td\u003E\u003Ctd\u003E\u003Ca href=\u0022https:\/\/cantus.sk\/id\/008429za\u0022 target=\u0022_blank\u0022\u003E\u003Cb\u003E4\u003C\/b\u003E chant(s)\u003C\/a\u003E\u003C\/td\u003E\u003Ctd\u003E20 hours 16 minutes ago\u003C\/td\u003E \u003C\/tr\u003E\n \u003Ctr class=\u0022odd\u0022\u003E\u003Ctd\u003E\u003Cb\u003EHungarian Chant Database\u003C\/b\u003E\u003Cbr\u003Ehttps:\/\/hun-chant.eu\u003C\/td\u003E\u003Ctd\u003E\u003Ca href=\u0022https:\/\/hun-chant.eu\/id\/008429za\u0022 target=\u0022_blank\u0022\u003E\u003Cb\u003E3\u003C\/b\u003E chant(s)\u003C\/a\u003E\u003C\/td\u003E\u003Ctd\u003E140 hours 8 minutes ago\u003C\/td\u003E \u003C\/tr\u003E\n \u003Ctr class=\u0022even\u0022\u003E\u003Ctd\u003E\u003Cb\u003ECantus Planus in Polonia\u003C\/b\u003E\u003Cbr\u003Ehttps:\/\/cantus.ispan.pl\u003C\/td\u003E\u003Ctd\u003E\u003Ca href=\u0022https:\/\/cantus.ispan.pl\/id\/008429za\u0022 target=\u0022_blank\u0022\u003E\u003Cb\u003E3\u003C\/b\u003E chant(s)\u003C\/a\u003E\u003C\/td\u003E\u003Ctd\u003E37 hours 56 minutes ago\u003C\/td\u003E \u003C\/tr\u003E\n \u003Ctr class=\u0022odd\u0022\u003E\u003Ctd\u003E\u003Cb\u003ESpanish Early Music Manuscripts\u003C\/b\u003E\u003Cbr\u003Ehttps:\/\/musicahispanica.eu\u003C\/td\u003E\u003Ctd\u003E\u003Ca href=\u0022https:\/\/musicahispanica.eu\/id\/008429za\u0022 target=\u0022_blank\u0022\u003E\u003Cb\u003E2\u003C\/b\u003E chant(s)\u003C\/a\u003E\u003C\/td\u003E\u003Ctd\u003E42 hours 56 minutes ago\u003C\/td\u003E \u003C\/tr\u003E\n \u003Ctr class=\u0022even\u0022\u003E\u003Ctd\u003E\u003Cb\u003EAustrian Mediaeval Monastic Music Manuscripts\u003C\/b\u003E\u003Cbr\u003Ehttps:\/\/austriamanus.org\u003C\/td\u003E\u003Ctd\u003E\u003Ca href=\u0022https:\/\/austriamanus.org\/id\/008429za\u0022 target=\u0022_blank\u0022\u003E\u003Cb\u003E1\u003C\/b\u003E chant(s)\u003C\/a\u003E\u003C\/td\u003E\u003Ctd\u003E15 hours 16 minutes ago\u003C\/td\u003E \u003C\/tr\u003E\n\u003C\/tbody\u003E\n\u003C\/table\u003E\n\u003Ctable class=\u0022sticky-enabled\u0022\u003E\n \u003Cthead\u003E\u003Ctr\u003E\u003Cth\u003ESiglum\u003C\/th\u003E\u003Cth\u003ECentury\u003C\/th\u003E\u003Cth\u003EFolio\u003C\/th\u003E\u003Cth\u003ESequence\u003C\/th\u003E\u003Cth\u003EIncipit\u003C\/th\u003E\u003Cth\u003EFeast\u003C\/th\u003E\u003Cth\u003EOffice\u003C\/th\u003E\u003Cth\u003EGenre\u003C\/th\u003E\u003Cth\u003EPosition\u003C\/th\u003E\u003Cth\u003EMode\u003C\/th\u003E\u003Cth\u003EImage\u003C\/th\u003E\u003Cth\u003EDB\u003C\/th\u003E \u003C\/tr\u003E\u003C\/thead\u003E\n\u003Ctbody\u003E\n \u003Ctr class=\u0022odd\u0022\u003E\u003Ctd\u003E\u003Cb\u003E\u003Ca href=\u0027https:\/\/musmed.eu\/source\/10059\u0027 target=\u0027_blank\u0027\u003EA-Gu Ms 807\u003C\/a\u003E\u003C\/b\u003E\u003C\/td\u003E\u003Ctd\u003E12th\u003C\/td\u003E\u003Ctd\u003E109v\u003C\/td\u003E\u003Ctd\u003E2\u003C\/td\u003E\u003Ctd\u003E\u003Cb\u003E\u003Ca href=\u0027https:\/\/musmed.eu\/chant\/95802\u0027 target=\u0027_blank\u0027\u003ESit nomen Domini benedictum ex hoc\u003C\/a\u003E\u003C\/b\u003E\u003C\/td\u003E\u003Ctd\u003ESabbato in Albis\u003C\/td\u003E\u003Ctd\u003EMASS\u003C\/td\u003E\u003Ctd\u003EAlV\u003C\/td\u003E\u003Ctd\u003E\u003C\/td\u003E\u003Ctd\u003E\u003C\/td\u003E\u003Ctd\u003E\u003Ca href=\u0027https:\/\/unipub.uni-graz.at\/obvugrscript\/content\/zoom\/5564803\u0027 target=\u0027_blank\u0027\u003EImage\u003C\/a\u003E\u003C\/td\u003E\u003Ctd\u003EMMMO\u003C\/td\u003E \u003C\/tr\u003E\n \u003Ctr class=\u0022even\u0022\u003E\u003Ctd\u003E\u003Cb\u003E\u003Ca href=\u0027https:\/\/austriamanus.org\/source\/3665\u0027 target=\u0027_blank\u0027\u003EA-KN CCl. 291\u003C\/a\u003E\u003C\/b\u003E\u003C\/td\u003E\u003Ctd\u003E\u003C\/td\u003E\u003Ctd\u003E001v\u003C\/td\u003E\u003Ctd\u003E6\u003C\/td\u003E\u003Ctd\u003E\u003Cb\u003E\u003Ca href=\u0027https:\/\/austriamanus.org\/chant\/3680\u0027 target=\u0027_blank\u0027\u003ESit nomen domini benedictum ex hoc\u003C\/a\u003E\u003C\/b\u003E\u003C\/td\u003E\u003Ctd\u003ESabbato in Albis\u003C\/td\u003E\u003Ctd\u003EMASS\u003C\/td\u003E\u003Ctd\u003EAlV\u003C\/td\u003E\u003Ctd\u003E01\u003C\/td\u003E\u003Ctd\u003E\u003C\/td\u003E\u003Ctd\u003E\u003C\/td\u003E\u003Ctd\u003EA4M\u003C\/td\u003E \u003C\/tr\u003E\n \u003Ctr class=\u0022odd\u0022\u003E\u003Ctd\u003E\u003Cb\u003E\u003Ca href=\u0027https:\/\/musmed.eu\/source\/11390\u0027 target=\u0027_blank\u0027\u003EA-KN Cod 588\u003C\/a\u003E\u003C\/b\u003E\u003C\/td\u003E\u003Ctd\u003E13th\u003C\/td\u003E\u003Ctd\u003E098v\u003C\/td\u003E\u003Ctd\u003E4\u003C\/td\u003E\u003Ctd\u003E\u003Cb\u003E\u003Ca href=\u0027https:\/\/musmed.eu\/chant\/99666\u0027 target=\u0027_blank\u0027\u003ESit nomen Domini benedictum ex hoc\u003C\/a\u003E\u003C\/b\u003E\u003C\/td\u003E\u003Ctd\u003ESabbato in Albis\u003C\/td\u003E\u003Ctd\u003EMASS\u003C\/td\u003E\u003Ctd\u003EAlV\u003C\/td\u003E\u003Ctd\u003E\u003C\/td\u003E\u003Ctd\u003E\u003C\/td\u003E\u003Ctd\u003E\u003Ca href=\u0027https:\/\/manuscripta.at\/diglit\/AT5000-588\/0202?sid=d68bd1d6a0aac7bb39d99954bc6343e\u0027 target=\u0027_blank\u0027\u003EImage\u003C\/a\u003E\u003C\/td\u003E\u003Ctd\u003EMMMO\u003C\/td\u003E \u003C\/tr\u003E\n \u003Ctr class=\u0022even\u0022\u003E\u003Ctd\u003E\u003Cb\u003E\u003Ca href=\u0027https:\/\/musmed.eu\/source\/17327\u0027 target=\u0027_blank\u0027\u003EA-KN Cod 73\u003C\/a\u003E\u003C\/b\u003E\u003C\/td\u003E\u003Ctd\u003E13th\u003C\/td\u003E\u003Ctd\u003E040v\u003C\/td\u003E\u003Ctd\u003E5\u003C\/td\u003E\u003Ctd\u003E\u003Cb\u003E\u003Ca href=\u0027https:\/\/musmed.eu\/chant\/163551\u0027 target=\u0027_blank\u0027\u003ESit nomen Domini benedictum ex hoc\u003C\/a\u003E\u003C\/b\u003E\u003C\/td\u003E\u003Ctd\u003ESabbato in Albis\u003C\/td\u003E\u003Ctd\u003EMASS\u003C\/td\u003E\u003Ctd\u003EAlV\u003C\/td\u003E\u003Ctd\u003E\u003C\/td\u003E\u003Ctd\u003E\u003C\/td\u003E\u003Ctd\u003E\u003Ca href=\u0027https:\/\/manuscripta.at\/diglit\/AT5000-73\/0084\u0027 target=\u0027_blank\u0027\u003EImage\u003C\/a\u003E\u003C\/td\u003E\u003Ctd\u003EMMMO\u003C\/td\u003E \u003C\/tr\u003E\n \u003Ctr class=\u0022odd\u0022\u003E\u003Ctd\u003E\u003Cb\u003E\u003Ca href=\u0027https:\/\/musmed.eu\/source\/9026\u0027 target=\u0027_blank\u0027\u003EB-Br Ms 10127-44\u003C\/a\u003E\u003C\/b\u003E\u003C\/td\u003E\u003Ctd\u003E9th\u003C\/td\u003E\u003Ctd\u003E114v\u003C\/td\u003E\u003Ctd\u003E31\u003C\/td\u003E\u003Ctd\u003E\u003Cb\u003E\u003Ca href=\u0027https:\/\/musmed.eu\/chant\/109345\u0027 target=\u0027_blank\u0027\u003ESit nomen domini *\u003C\/a\u003E\u003C\/b\u003E\u003C\/td\u003E\u003Ctd\u003E\u003C\/td\u003E\u003Ctd\u003E\u003C\/td\u003E\u003Ctd\u003EAlV\u003C\/td\u003E\u003Ctd\u003E\u003C\/td\u003E\u003Ctd\u003E\u003C\/td\u003E\u003Ctd\u003E\u003Ca href=\u0027https:\/\/services4.libis.be\/mirador\/index.html?json=6043a3088dbcf\u0027 target=\u0027_blank\u0027\u003EImage\u003C\/a\u003E\u003C\/td\u003E\u003Ctd\u003EMMMO\u003C\/td\u003E \u003C\/tr\u003E\n \u003Ctr class=\u0022even\u0022\u003E\u003Ctd\u003E\u003Cb\u003E\u003Ca href=\u0027https:\/\/musmed.eu\/source\/9492\u0027 target=\u0027_blank\u0027\u003ECH-Cobodmer C 74\u003C\/a\u003E\u003C\/b\u003E\u003C\/td\u003E\u003Ctd\u003E11th\u003C\/td\u003E\u003Ctd\u003E087r\u003C\/td\u003E\u003Ctd\u003E1\u003C\/td\u003E\u003Ctd\u003E\u003Cb\u003E\u003Ca href=\u0027https:\/\/musmed.eu\/chant\/144247\u0027 target=\u0027_blank\u0027\u003ESit nomen domini benedictum ex hoc\u003C\/a\u003E\u003C\/b\u003E\u003C\/td\u003E\u003Ctd\u003ESabbato in Albis\u003C\/td\u003E\u003Ctd\u003EMASS\u003C\/td\u003E\u003Ctd\u003EAlV\u003C\/td\u003E\u003Ctd\u003E\u003C\/td\u003E\u003Ctd\u003E\u003C\/td\u003E\u003Ctd\u003E\u003Ca href=\u0027https:\/\/www.e-codices.unifr.ch\/de\/fmb\/cb-0074\/87r\/0\/Sequence-825\u0027 target=\u0027_blank\u0027\u003EImage\u003C\/a\u003E\u003C\/td\u003E\u003Ctd\u003EMMMO\u003C\/td\u003E \u003C\/tr\u003E\n \u003Ctr class=\u0022odd\u0022\u003E\u003Ctd\u003E\u003Cb\u003E\u003Ca href=\u0027https:\/\/musmed.eu\/source\/9492\u0027 target=\u0027_blank\u0027\u003ECH-Cobodmer C 74\u003C\/a\u003E\u003C\/b\u003E\u003C\/td\u003E\u003Ctd\u003E11th\u003C\/td\u003E\u003Ctd\u003E106v\u003C\/td\u003E\u003Ctd\u003E7\u003C\/td\u003E\u003Ctd\u003E\u003Cb\u003E\u003Ca href=\u0027https:\/\/musmed.eu\/chant\/144466\u0027 target=\u0027_blank\u0027\u003ESit nomen domini benedictum ex hoc\u003C\/a\u003E\u003C\/b\u003E\u003C\/td\u003E\u003Ctd\u003EFer. 2 Pent.\u003C\/td\u003E\u003Ctd\u003EMASS\u003C\/td\u003E\u003Ctd\u003EAlV\u003C\/td\u003E\u003Ctd\u003E\u003C\/td\u003E\u003Ctd\u003E\u003C\/td\u003E\u003Ctd\u003E\u003Ca href=\u0027https:\/\/www.e-codices.unifr.ch\/de\/fmb\/cb-0074\/106v\/0\/Sequence-825\u0027 target=\u0027_blank\u0027\u003EImage\u003C\/a\u003E\u003C\/td\u003E\u003Ctd\u003EMMMO\u003C\/td\u003E \u003C\/tr\u003E\n \u003Ctr class=\u0022even\u0022\u003E\u003Ctd\u003E\u003Cb\u003E\u003Ca href=\u0027https:\/\/cantusdatabase.org\/source\/666647\u0027 target=\u0027_blank\u0027\u003ECH-E 121\u003C\/a\u003E\u003C\/b\u003E\u003C\/td\u003E\u003Ctd\u003E\u003C\/td\u003E\u003Ctd\u003E223\u003C\/td\u003E\u003Ctd\u003E5\u003C\/td\u003E\u003Ctd\u003E\u003Cb\u003E\u003Ca href=\u0027https:\/\/cantusdatabase.org\/chant\/668192\u0027 target=\u0027_blank\u0027\u003ESit nomen domini benedictum ex\u003C\/a\u003E\u003C\/b\u003E\u003C\/td\u003E\u003Ctd\u003ESabbato in Albis\u003C\/td\u003E\u003Ctd\u003EMI\u003C\/td\u003E\u003Ctd\u003EAlV\u003C\/td\u003E\u003Ctd\u003E02\u003C\/td\u003E\u003Ctd\u003E?\u003C\/td\u003E\u003Ctd\u003E\u003Ca href=\u0027https:\/\/www.e-codices.unifr.ch\/en\/sbe\/0121\/223\u0027 target=\u0027_blank\u0027\u003EImage\u003C\/a\u003E\u003C\/td\u003E\u003Ctd\u003ECD\u003C\/td\u003E \u003C\/tr\u003E\n \u003Ctr class=\u0022odd\u0022\u003E\u003Ctd\u003E\u003Cb\u003E\u003Ca href=\u0027https:\/\/cantusdatabase.org\/source\/666647\u0027 target=\u0027_blank\u0027\u003ECH-E 121\u003C\/a\u003E\u003C\/b\u003E\u003C\/td\u003E\u003Ctd\u003E\u003C\/td\u003E\u003Ctd\u003E350\u003C\/td\u003E\u003Ctd\u003E2\u003C\/td\u003E\u003Ctd\u003E\u003Cb\u003E\u003Ca href=\u0027https:\/\/cantusdatabase.org\/chant\/668914\u0027 target=\u0027_blank\u0027\u003ESit nomen*\u003C\/a\u003E\u003C\/b\u003E\u003C\/td\u003E\u003Ctd\u003E\u003C\/td\u003E\u003Ctd\u003EMI\u003C\/td\u003E\u003Ctd\u003EAlV\u003C\/td\u003E\u003Ctd\u003E02\u003C\/td\u003E\u003Ctd\u003E*\u003C\/td\u003E\u003Ctd\u003E\u003Ca href=\u0027https:\/\/www.e-codices.unifr.ch\/en\/sbe\/0121\/350\u0027 target=\u0027_blank\u0027\u003EImage\u003C\/a\u003E\u003C\/td\u003E\u003Ctd\u003ECD\u003C\/td\u003E \u003C\/tr\u003E\n \u003Ctr class=\u0022even\u0022\u003E\u003Ctd\u003E\u003Cb\u003E\u003Ca href=\u0027https:\/\/cantusdatabase.org\/source\/638308\u0027 target=\u0027_blank\u0027\u003ECH-P 18\u003C\/a\u003E\u003C\/b\u003E\u003C\/td\u003E\u003Ctd\u003E\u003C\/td\u003E\u003Ctd\u003E213\u003C\/td\u003E\u003Ctd\u003E2\u003C\/td\u003E\u003Ctd\u003E\u003Cb\u003E\u003Ca href=\u0027https:\/\/cantusdatabase.org\/chant\/642488\u0027 target=\u0027_blank\u0027\u003ESit nomen domini benedictum ex\u003C\/a\u003E\u003C\/b\u003E\u003C\/td\u003E\u003Ctd\u003ESabbato in Albis\u003C\/td\u003E\u003Ctd\u003EMI\u003C\/td\u003E\u003Ctd\u003EAlV\u003C\/td\u003E\u003Ctd\u003E02\u003C\/td\u003E\u003Ctd\u003E4\u003C\/td\u003E\u003Ctd\u003E\u003Ca href=\u0027http:\/\/www.e-codices.unifr.ch\/en\/bcj\/0018\/213\u0027 target=\u0027_blank\u0027\u003EImage\u003C\/a\u003E\u003C\/td\u003E\u003Ctd\u003ECD\u003C\/td\u003E \u003C\/tr\u003E\n \u003Ctr class=\u0022odd\u0022\u003E\u003Ctd\u003E\u003Cb\u003E\u003Ca href=\u0027https:\/\/musmed.eu\/source\/14272\u0027 target=\u0027_blank\u0027\u003ECH-SGs Cod 338\u003C\/a\u003E\u003C\/b\u003E\u003C\/td\u003E\u003Ctd\u003E11th\u003C\/td\u003E\u003Ctd\u003E196\u003C\/td\u003E\u003Ctd\u003E4\u003C\/td\u003E\u003Ctd\u003E\u003Cb\u003E\u003Ca href=\u0027https:\/\/musmed.eu\/chant\/62511\u0027 target=\u0027_blank\u0027\u003ESit nomen domini benedictum ex hoc\u003C\/a\u003E\u003C\/b\u003E\u003C\/td\u003E\u003Ctd\u003EOctava Paschae\u003C\/td\u003E\u003Ctd\u003E\u003C\/td\u003E\u003Ctd\u003EAlV\u003C\/td\u003E\u003Ctd\u003E\u003C\/td\u003E\u003Ctd\u003E\u003C\/td\u003E\u003Ctd\u003E\u003Ca href=\u0027https:\/\/www.e-codices.unifr.ch\/en\/csg\/0338\/196\/0\/Sequence-485\u0027 target=\u0027_blank\u0027\u003EImage\u003C\/a\u003E\u003C\/td\u003E\u003Ctd\u003EMMMO\u003C\/td\u003E \u003C\/tr\u003E\n \u003Ctr class=\u0022even\u0022\u003E\u003Ctd\u003E\u003Cb\u003E\u003Ca href=\u0027https:\/\/musmed.eu\/source\/14273\u0027 target=\u0027_blank\u0027\u003ECH-SGs Cod 339\u003C\/a\u003E\u003C\/b\u003E\u003C\/td\u003E\u003Ctd\u003E10th\u003C\/td\u003E\u003Ctd\u003E113\u003C\/td\u003E\u003Ctd\u003E6\u003C\/td\u003E\u003Ctd\u003E\u003Cb\u003E\u003Ca href=\u0027https:\/\/musmed.eu\/chant\/182473\u0027 target=\u0027_blank\u0027\u003ESit nomen domini benedictum ex hoc\u003C\/a\u003E\u003C\/b\u003E\u003C\/td\u003E\u003Ctd\u003ESabbato in Albis\u003C\/td\u003E\u003Ctd\u003EMASS\u003C\/td\u003E\u003Ctd\u003EAlV\u003C\/td\u003E\u003Ctd\u003E\u003C\/td\u003E\u003Ctd\u003E\u003C\/td\u003E\u003Ctd\u003E\u003Ca href=\u0027https:\/\/www.e-codices.unifr.ch\/fr\/csg\/0339\/113\/0\/Sequence-486\u0027 target=\u0027_blank\u0027\u003EImage\u003C\/a\u003E\u003C\/td\u003E\u003Ctd\u003EMMMO\u003C\/td\u003E \u003C\/tr\u003E\n \u003Ctr class=\u0022odd\u0022\u003E\u003Ctd\u003E\u003Cb\u003E\u003Ca href=\u0027https:\/\/musmed.eu\/source\/14274\u0027 target=\u0027_blank\u0027\u003ECH-SGs Cod 340\u003C\/a\u003E\u003C\/b\u003E\u003C\/td\u003E\u003Ctd\u003E11th\u003C\/td\u003E\u003Ctd\u003E138\u003C\/td\u003E\u003Ctd\u003E8\u003C\/td\u003E\u003Ctd\u003E\u003Cb\u003E\u003Ca href=\u0027https:\/\/musmed.eu\/chant\/41835\u0027 target=\u0027_blank\u0027\u003ESit nomen domini benedictum ex hoc\u003C\/a\u003E\u003C\/b\u003E\u003C\/td\u003E\u003Ctd\u003ESabbato in Albis\u003C\/td\u003E\u003Ctd\u003EMASS\u003C\/td\u003E\u003Ctd\u003EAlV\u003C\/td\u003E\u003Ctd\u003E\u003C\/td\u003E\u003Ctd\u003E4\u003C\/td\u003E\u003Ctd\u003E\u003Ca href=\u0027https:\/\/www.e-codices.unifr.ch\/en\/csg\/0340\/138\/0\/Sequence-487\u0027 target=\u0027_blank\u0027\u003EImage\u003C\/a\u003E\u003C\/td\u003E\u003Ctd\u003EMMMO\u003C\/td\u003E \u003C\/tr\u003E\n \u003Ctr class=\u0022even\u0022\u003E\u003Ctd\u003E\u003Cb\u003E\u003Ca href=\u0027https:\/\/musmed.eu\/source\/14275\u0027 target=\u0027_blank\u0027\u003ECH-SGs Cod 342\u003C\/a\u003E\u003C\/b\u003E\u003C\/td\u003E\u003Ctd\u003E10th\u003C\/td\u003E\u003Ctd\u003E198\u003C\/td\u003E\u003Ctd\u003E6\u003C\/td\u003E\u003Ctd\u003E\u003Cb\u003E\u003Ca href=\u0027https:\/\/musmed.eu\/chant\/71506\u0027 target=\u0027_blank\u0027\u003ESit nomen domini benedictum ex hoc\u003C\/a\u003E\u003C\/b\u003E\u003C\/td\u003E\u003Ctd\u003ESabbato in Albis\u003C\/td\u003E\u003Ctd\u003E\u003C\/td\u003E\u003Ctd\u003EAlV\u003C\/td\u003E\u003Ctd\u003E\u003C\/td\u003E\u003Ctd\u003E\u003C\/td\u003E\u003Ctd\u003E\u003Ca href=\u0027https:\/\/www.e-codices.unifr.ch\/en\/csg\/0342\/198\/0\/Sequence-489\u0027 target=\u0027_blank\u0027\u003EImage\u003C\/a\u003E\u003C\/td\u003E\u003Ctd\u003EMMMO\u003C\/td\u003E \u003C\/tr\u003E\n \u003Ctr class=\u0022odd\u0022\u003E\u003Ctd\u003E\u003Cb\u003E\u003Ca href=\u0027https:\/\/musmed.eu\/source\/14276\u0027 target=\u0027_blank\u0027\u003ECH-SGs Cod 343\u003C\/a\u003E\u003C\/b\u003E\u003C\/td\u003E\u003Ctd\u003E11th\u003C\/td\u003E\u003Ctd\u003E082\u003C\/td\u003E\u003Ctd\u003E5\u003C\/td\u003E\u003Ctd\u003E\u003Cb\u003E\u003Ca href=\u0027https:\/\/musmed.eu\/chant\/202720\u0027 target=\u0027_blank\u0027\u003ESit nomen domini benedictum ex hoc\u003C\/a\u003E\u003C\/b\u003E\u003C\/td\u003E\u003Ctd\u003ESabbato in Albis\u003C\/td\u003E\u003Ctd\u003EMASS\u003C\/td\u003E\u003Ctd\u003EAlV\u003C\/td\u003E\u003Ctd\u003E\u003C\/td\u003E\u003Ctd\u003E\u003C\/td\u003E\u003Ctd\u003E\u003Ca href=\u0027https:\/\/www.e-codices.unifr.ch\/en\/csg\/0343\/82\/0\/\u0027 target=\u0027_blank\u0027\u003EImage\u003C\/a\u003E\u003C\/td\u003E\u003Ctd\u003EMMMO\u003C\/td\u003E \u003C\/tr\u003E\n \u003Ctr class=\u0022even\u0022\u003E\u003Ctd\u003E\u003Cb\u003E\u003Ca href=\u0027https:\/\/musmed.eu\/source\/14286\u0027 target=\u0027_blank\u0027\u003ECH-SGs Cod 374\u003C\/a\u003E\u003C\/b\u003E\u003C\/td\u003E\u003Ctd\u003E11th\u003C\/td\u003E\u003Ctd\u003E108\u003C\/td\u003E\u003Ctd\u003E8\u003C\/td\u003E\u003Ctd\u003E\u003Cb\u003E\u003Ca href=\u0027https:\/\/musmed.eu\/chant\/67359\u0027 target=\u0027_blank\u0027\u003ESit nomen domini benedictum ex hoc\u003C\/a\u003E\u003C\/b\u003E\u003C\/td\u003E\u003Ctd\u003ESabbato in Albis\u003C\/td\u003E\u003Ctd\u003EMASS\u003C\/td\u003E\u003Ctd\u003EAlV\u003C\/td\u003E\u003Ctd\u003E\u003C\/td\u003E\u003Ctd\u003E\u003C\/td\u003E\u003Ctd\u003E\u003Ca href=\u0027https:\/\/www.e-codices.unifr.ch\/en\/csg\/0374\/108\/0\/Sequence-508\u0027 target=\u0027_blank\u0027\u003EImage\u003C\/a\u003E\u003C\/td\u003E\u003Ctd\u003EMMMO\u003C\/td\u003E \u003C\/tr\u003E\n \u003Ctr class=\u0022odd\u0022\u003E\u003Ctd\u003E\u003Cb\u003E\u003Ca href=\u0027https:\/\/musmed.eu\/source\/14287\u0027 target=\u0027_blank\u0027\u003ECH-SGs Cod 375\u003C\/a\u003E\u003C\/b\u003E\u003C\/td\u003E\u003Ctd\u003E12th\u003C\/td\u003E\u003Ctd\u003E159\u003C\/td\u003E\u003Ctd\u003E1\u003C\/td\u003E\u003Ctd\u003E\u003Cb\u003E\u003Ca href=\u0027https:\/\/musmed.eu\/chant\/102075\u0027 target=\u0027_blank\u0027\u003ESit nomen domini benedictum ex hoc\u003C\/a\u003E\u003C\/b\u003E\u003C\/td\u003E\u003Ctd\u003ESabbato in Albis\u003C\/td\u003E\u003Ctd\u003EMASS\u003C\/td\u003E\u003Ctd\u003EAlV\u003C\/td\u003E\u003Ctd\u003E\u003C\/td\u003E\u003Ctd\u003E\u003C\/td\u003E\u003Ctd\u003E\u003Ca href=\u0027https:\/\/www.e-codices.unifr.ch\/en\/csg\/0375\/159\/0\/\u0027 target=\u0027_blank\u0027\u003EImage\u003C\/a\u003E\u003C\/td\u003E\u003Ctd\u003EMMMO\u003C\/td\u003E \u003C\/tr\u003E\n \u003Ctr class=\u0022even\u0022\u003E\u003Ctd\u003E\u003Cb\u003E\u003Ca href=\u0027https:\/\/musmed.eu\/source\/14288\u0027 target=\u0027_blank\u0027\u003ECH-SGs Cod 376\u003C\/a\u003E\u003C\/b\u003E\u003C\/td\u003E\u003Ctd\u003E11th\u003C\/td\u003E\u003Ctd\u003E207\u003C\/td\u003E\u003Ctd\u003E7\u003C\/td\u003E\u003Ctd\u003E\u003Cb\u003E\u003Ca href=\u0027https:\/\/musmed.eu\/chant\/217918\u0027 target=\u0027_blank\u0027\u003ESit nomen domini benedictum ex hoc\u003C\/a\u003E\u003C\/b\u003E\u003C\/td\u003E\u003Ctd\u003ESabbato in Albis\u003C\/td\u003E\u003Ctd\u003EMASS\u003C\/td\u003E\u003Ctd\u003EAlV\u003C\/td\u003E\u003Ctd\u003E\u003C\/td\u003E\u003Ctd\u003E\u003C\/td\u003E\u003Ctd\u003E\u003Ca href=\u0027http:\/\/www.e-codices.unifr.ch\/en\/csg\/0376\/207\/0\/\u0027 target=\u0027_blank\u0027\u003EImage\u003C\/a\u003E\u003C\/td\u003E\u003Ctd\u003EMMMO\u003C\/td\u003E \u003C\/tr\u003E\n \u003Ctr class=\u0022odd\u0022\u003E\u003Ctd\u003E\u003Cb\u003E\u003Ca href=\u0027https:\/\/musmed.eu\/source\/14258\u0027 target=\u0027_blank\u0027\u003ECH-SGv VadSlg Ms 295\u003C\/a\u003E\u003C\/b\u003E\u003C\/td\u003E\u003Ctd\u003E11th\u003C\/td\u003E\u003Ctd\u003E053v\u003C\/td\u003E\u003Ctd\u003E5\u003C\/td\u003E\u003Ctd\u003E\u003Cb\u003E\u003Ca href=\u0027https:\/\/musmed.eu\/chant\/169240\u0027 target=\u0027_blank\u0027\u003ESit nomen Domini benedictum ex hoc\u003C\/a\u003E\u003C\/b\u003E\u003C\/td\u003E\u003Ctd\u003ESabbato in Albis\u003C\/td\u003E\u003Ctd\u003EMASS\u003C\/td\u003E\u003Ctd\u003EAlV\u003C\/td\u003E\u003Ctd\u003E\u003C\/td\u003E\u003Ctd\u003E\u003C\/td\u003E\u003Ctd\u003E\u003Ca href=\u0027https:\/\/www.e-codices.unifr.ch\/en\/vad\/0295\/53v\/0\/\u0027 target=\u0027_blank\u0027\u003EImage\u003C\/a\u003E\u003C\/td\u003E\u003Ctd\u003EMMMO\u003C\/td\u003E \u003C\/tr\u003E\n \u003Ctr class=\u0022even\u0022\u003E\u003Ctd\u003E\u003Cb\u003E\u003Ca href=\u0027https:\/\/cantusbohemiae.cz\/source\/11616\u0027 target=\u0027_blank\u0027\u003ECZ-OLu (Olomouc) M III 6\u003C\/a\u003E\u003C\/b\u003E\u003C\/td\u003E\u003Ctd\u003E15th\u003C\/td\u003E\u003Ctd\u003E068v\u003C\/td\u003E\u003Ctd\u003E3\u003C\/td\u003E\u003Ctd\u003E\u003Cb\u003E\u003Ca href=\u0027https:\/\/cantusbohemiae.cz\/chant\/16441\u0027 target=\u0027_blank\u0027\u003ESit nomen domini benedictum ex hoc\u003C\/a\u003E\u003C\/b\u003E\u003C\/td\u003E\u003Ctd\u003ESabbato in Albis\u003C\/td\u003E\u003Ctd\u003EMASS\u003C\/td\u003E\u003Ctd\u003EAlV\u003C\/td\u003E\u003Ctd\u003E\u003C\/td\u003E\u003Ctd\u003E\u003C\/td\u003E\u003Ctd\u003E\u003C\/td\u003E\u003Ctd\u003EFCB\u003C\/td\u003E \u003C\/tr\u003E\n \u003Ctr class=\u0022odd\u0022\u003E\u003Ctd\u003E\u003Cb\u003E\u003Ca href=\u0027https:\/\/cantusbohemiae.cz\/source\/11621\u0027 target=\u0027_blank\u0027\u003ECZ-Pn (Praha) XIII B 2\u003C\/a\u003E\u003C\/b\u003E\u003C\/td\u003E\u003Ctd\u003E14th\u003C\/td\u003E\u003Ctd\u003E104\u003C\/td\u003E\u003Ctd\u003E2\u003C\/td\u003E\u003Ctd\u003E\u003Cb\u003E\u003Ca href=\u0027https:\/\/cantusbohemiae.cz\/chant\/11754\u0027 target=\u0027_blank\u0027\u003ESit nomen domini benedictum ex hoc\u003C\/a\u003E\u003C\/b\u003E\u003C\/td\u003E\u003Ctd\u003ESabbato in Albis\u003C\/td\u003E\u003Ctd\u003EMASS\u003C\/td\u003E\u003Ctd\u003EAlV\u003C\/td\u003E\u003Ctd\u003E\u003C\/td\u003E\u003Ctd\u003E\u003C\/td\u003E\u003Ctd\u003E\u003C\/td\u003E\u003Ctd\u003EFCB\u003C\/td\u003E \u003C\/tr\u003E\n \u003Ctr class=\u0022even\u0022\u003E\u003Ctd\u003E\u003Cb\u003E\u003Ca href=\u0027https:\/\/cantusbohemiae.cz\/source\/4807\u0027 target=\u0027_blank\u0027\u003ECZ-Pn (Praha) XIV D 12\u003C\/a\u003E\u003C\/b\u003E\u003C\/td\u003E\u003Ctd\u003E12th\u003C\/td\u003E\u003Ctd\u003E199r\u003C\/td\u003E\u003Ctd\u003E3\u003C\/td\u003E\u003Ctd\u003E\u003Cb\u003E\u003Ca href=\u0027https:\/\/cantusbohemiae.cz\/chant\/6314\u0027 target=\u0027_blank\u0027\u003ESit nomen domini benedictum ex hoc\u003C\/a\u003E\u003C\/b\u003E\u003C\/td\u003E\u003Ctd\u003ESabbato in Albis\u003C\/td\u003E\u003Ctd\u003EMASS\u003C\/td\u003E\u003Ctd\u003EAlV\u003C\/td\u003E\u003Ctd\u003E\u003C\/td\u003E\u003Ctd\u003E\u003C\/td\u003E\u003Ctd\u003E\u003C\/td\u003E\u003Ctd\u003EFCB\u003C\/td\u003E \u003C\/tr\u003E\n \u003Ctr class=\u0022odd\u0022\u003E\u003Ctd\u003E\u003Cb\u003E\u003Ca href=\u0027https:\/\/cantusbohemiae.cz\/source\/11620\u0027 target=\u0027_blank\u0027\u003ECZ-Pu (Praha) XIII A 5c\u003C\/a\u003E\u003C\/b\u003E\u003C\/td\u003E\u003Ctd\u003E15th\u003C\/td\u003E\u003Ctd\u003E126v\u003C\/td\u003E\u003Ctd\u003E2\u003C\/td\u003E\u003Ctd\u003E\u003Cb\u003E\u003Ca href=\u0027https:\/\/cantusbohemiae.cz\/chant\/13887\u0027 target=\u0027_blank\u0027\u003ESit nomen domini benedictum ex hoc\u003C\/a\u003E\u003C\/b\u003E\u003C\/td\u003E\u003Ctd\u003ESabbato in Albis\u003C\/td\u003E\u003Ctd\u003EMASS\u003C\/td\u003E\u003Ctd\u003EAlV\u003C\/td\u003E\u003Ctd\u003E\u003C\/td\u003E\u003Ctd\u003E\u003C\/td\u003E\u003Ctd\u003E\u003C\/td\u003E\u003Ctd\u003EFCB\u003C\/td\u003E \u003C\/tr\u003E\n \u003Ctr class=\u0022even\u0022\u003E\u003Ctd\u003E\u003Cb\u003E\u003Ca href=\u0027https:\/\/cantusbohemiae.cz\/source\/11622\u0027 target=\u0027_blank\u0027\u003ECZ-R (Rajhrad) R 418\u003C\/a\u003E\u003C\/b\u003E\u003C\/td\u003E\u003Ctd\u003E12th\u003C\/td\u003E\u003Ctd\u003E063v\u003C\/td\u003E\u003Ctd\u003E1\u003C\/td\u003E\u003Ctd\u003E\u003Cb\u003E\u003Ca href=\u0027https:\/\/cantusbohemiae.cz\/chant\/20635\u0027 target=\u0027_blank\u0027\u003ESit nomen domini benedictum ex hoc\u003C\/a\u003E\u003C\/b\u003E\u003C\/td\u003E\u003Ctd\u003ESabbato in Albis\u003C\/td\u003E\u003Ctd\u003EMASS\u003C\/td\u003E\u003Ctd\u003EAlV\u003C\/td\u003E\u003Ctd\u003E\u003C\/td\u003E\u003Ctd\u003E\u003C\/td\u003E\u003Ctd\u003E\u003C\/td\u003E\u003Ctd\u003EFCB\u003C\/td\u003E \u003C\/tr\u003E\n \u003Ctr class=\u0022odd\u0022\u003E\u003Ctd\u003E\u003Cb\u003E\u003Ca href=\u0027https:\/\/cantusbohemiae.cz\/source\/11622\u0027 target=\u0027_blank\u0027\u003ECZ-R (Rajhrad) R 418\u003C\/a\u003E\u003C\/b\u003E\u003C\/td\u003E\u003Ctd\u003E12th\u003C\/td\u003E\u003Ctd\u003E084v\u003C\/td\u003E\u003Ctd\u003E3\u003C\/td\u003E\u003Ctd\u003E\u003Cb\u003E\u003Ca href=\u0027https:\/\/cantusbohemiae.cz\/chant\/20976\u0027 target=\u0027_blank\u0027\u003ESit nomen*\u003C\/a\u003E\u003C\/b\u003E\u003C\/td\u003E\u003Ctd\u003ESeptem Fratrum\u003C\/td\u003E\u003Ctd\u003EMASS\u003C\/td\u003E\u003Ctd\u003EAlV\u003C\/td\u003E\u003Ctd\u003E\u003C\/td\u003E\u003Ctd\u003E\u003C\/td\u003E\u003Ctd\u003E\u003C\/td\u003E\u003Ctd\u003EFCB\u003C\/td\u003E \u003C\/tr\u003E\n \u003Ctr class=\u0022even\u0022\u003E\u003Ctd\u003E\u003Cb\u003E\u003Ca href=\u0027https:\/\/musmed.eu\/source\/8817\u0027 target=\u0027_blank\u0027\u003ED-B Ms mus 40078\u003C\/a\u003E\u003C\/b\u003E\u003C\/td\u003E\u003Ctd\u003E12th\u003C\/td\u003E\u003Ctd\u003E135r\u003C\/td\u003E\u003Ctd\u003E3\u003C\/td\u003E\u003Ctd\u003E\u003Cb\u003E\u003Ca href=\u0027https:\/\/musmed.eu\/chant\/40044\u0027 target=\u0027_blank\u0027\u003ESit nomen domini benedictum ex hoc\u003C\/a\u003E\u003C\/b\u003E\u003C\/td\u003E\u003Ctd\u003ESabbato in Albis\u003C\/td\u003E\u003Ctd\u003E\u003C\/td\u003E\u003Ctd\u003EAlV\u003C\/td\u003E\u003Ctd\u003E\u003C\/td\u003E\u003Ctd\u003E\u003C\/td\u003E\u003Ctd\u003E\u003Ca href=\u0027https:\/\/digital.staatsbibliothek-berlin.de\/werkansicht?PPN=PPN782404677\u0026PHYSID=PHYS_0273\u0026DMDID=DMDLOG_0001\u0027 target=\u0027_blank\u0027\u003EImage\u003C\/a\u003E\u003C\/td\u003E\u003Ctd\u003EMMMO\u003C\/td\u003E \u003C\/tr\u003E\n \u003Ctr class=\u0022odd\u0022\u003E\u003Ctd\u003E\u003Cb\u003E\u003Ca href=\u0027https:\/\/musmed.eu\/source\/8677\u0027 target=\u0027_blank\u0027\u003ED-BAa Msc Lit 6\u003C\/a\u003E\u003C\/b\u003E\u003C\/td\u003E\u003Ctd\u003E11th\u003C\/td\u003E\u003Ctd\u003E044r\u003C\/td\u003E\u003Ctd\u003E3\u003C\/td\u003E\u003Ctd\u003E\u003Cb\u003E\u003Ca href=\u0027https:\/\/musmed.eu\/chant\/178842\u0027 target=\u0027_blank\u0027\u003ESit nomen domini benedictum ex hoc\u003C\/a\u003E\u003C\/b\u003E\u003C\/td\u003E\u003Ctd\u003ESabbato in Albis\u003C\/td\u003E\u003Ctd\u003EMASS\u003C\/td\u003E\u003Ctd\u003EAlV\u003C\/td\u003E\u003Ctd\u003E\u003C\/td\u003E\u003Ctd\u003E\u003C\/td\u003E\u003Ctd\u003E\u003Ca href=\u0027https:\/\/nbn-resolving.org\/urn:nbn:de:bvb:22-msc.lit.6-3#0091\u0027 target=\u0027_blank\u0027\u003EImage\u003C\/a\u003E\u003C\/td\u003E\u003Ctd\u003EMMMO\u003C\/td\u003E \u003C\/tr\u003E\n \u003Ctr class=\u0022even\u0022\u003E\u003Ctd\u003E\u003Cb\u003E\u003Ca href=\u0027https:\/\/musmed.eu\/source\/8677\u0027 target=\u0027_blank\u0027\u003ED-BAa Msc Lit 6\u003C\/a\u003E\u003C\/b\u003E\u003C\/td\u003E\u003Ctd\u003E11th\u003C\/td\u003E\u003Ctd\u003E070r\u003C\/td\u003E\u003Ctd\u003E10\u003C\/td\u003E\u003Ctd\u003E\u003Cb\u003E\u003Ca href=\u0027https:\/\/musmed.eu\/chant\/180591\u0027 target=\u0027_blank\u0027\u003ESit nomen domini*\u003C\/a\u003E\u003C\/b\u003E\u003C\/td\u003E\u003Ctd\u003E\u003C\/td\u003E\u003Ctd\u003EMASS\u003C\/td\u003E\u003Ctd\u003EAlV\u003C\/td\u003E\u003Ctd\u003E\u003C\/td\u003E\u003Ctd\u003E\u003C\/td\u003E\u003Ctd\u003E\u003Ca href=\u0027https:\/\/nbn-resolving.org\/urn:nbn:de:bvb:22-msc.lit.6-3#0143\u0027 target=\u0027_blank\u0027\u003EImage\u003C\/a\u003E\u003C\/td\u003E\u003Ctd\u003EMMMO\u003C\/td\u003E \u003C\/tr\u003E\n \u003Ctr class=\u0022odd\u0022\u003E\u003Ctd\u003E\u003Cb\u003E\u003Ca href=\u0027https:\/\/musmed.eu\/source\/8678\u0027 target=\u0027_blank\u0027\u003ED-BAa Msc Lit 7\u003C\/a\u003E\u003C\/b\u003E\u003C\/td\u003E\u003Ctd\u003E11th\u003C\/td\u003E\u003Ctd\u003E041v\u003C\/td\u003E\u003Ctd\u003E3\u003C\/td\u003E\u003Ctd\u003E\u003Cb\u003E\u003Ca href=\u0027https:\/\/musmed.eu\/chant\/97287\u0027 target=\u0027_blank\u0027\u003ESit nomen domini benedictum ex hoc\u003C\/a\u003E\u003C\/b\u003E\u003C\/td\u003E\u003Ctd\u003ESabbato in Albis\u003C\/td\u003E\u003Ctd\u003E\u003C\/td\u003E\u003Ctd\u003EAlV\u003C\/td\u003E\u003Ctd\u003E\u003C\/td\u003E\u003Ctd\u003E\u003C\/td\u003E\u003Ctd\u003E\u003Ca href=\u0027https:\/\/www.bavarikon.de\/object\/bav:SBB-KHB-00000SBB00000129?cq=\u0026p=85\u0027 target=\u0027_blank\u0027\u003EImage\u003C\/a\u003E\u003C\/td\u003E\u003Ctd\u003EMMMO\u003C\/td\u003E \u003C\/tr\u003E\n \u003Ctr class=\u0022even\u0022\u003E\u003Ctd\u003E\u003Cb\u003E\u003Ca href=\u0027https:\/\/musmed.eu\/source\/8679\u0027 target=\u0027_blank\u0027\u003ED-BAa Msc Lit 8\u003C\/a\u003E\u003C\/b\u003E\u003C\/td\u003E\u003Ctd\u003E11th\u003C\/td\u003E\u003Ctd\u003E039v\u003C\/td\u003E\u003Ctd\u003E1\u003C\/td\u003E\u003Ctd\u003E\u003Cb\u003E\u003Ca href=\u0027https:\/\/musmed.eu\/chant\/107520\u0027 target=\u0027_blank\u0027\u003ESit nomen domini benedictum ex hoc\u003C\/a\u003E\u003C\/b\u003E\u003C\/td\u003E\u003Ctd\u003ESabbato in Albis\u003C\/td\u003E\u003Ctd\u003EMASS\u003C\/td\u003E\u003Ctd\u003EAlV\u003C\/td\u003E\u003Ctd\u003E\u003C\/td\u003E\u003Ctd\u003E\u003C\/td\u003E\u003Ctd\u003E\u003Ca href=\u0027https:\/\/www.bavarikon.de\/object\/bav:SBB-KHB-00000SBB00000130?cq=\u0026p=81\u0027 target=\u0027_blank\u0027\u003EImage\u003C\/a\u003E\u003C\/td\u003E\u003Ctd\u003EMMMO\u003C\/td\u003E \u003C\/tr\u003E\n \u003Ctr class=\u0022odd\u0022\u003E\u003Ctd\u003E\u003Cb\u003E\u003Ca href=\u0027https:\/\/musmed.eu\/source\/9518\u0027 target=\u0027_blank\u0027\u003ED-DS Hs 545\u003C\/a\u003E\u003C\/b\u003E\u003C\/td\u003E\u003Ctd\u003E14th\u003C\/td\u003E\u003Ctd\u003E060v\u003C\/td\u003E\u003Ctd\u003E5\u003C\/td\u003E\u003Ctd\u003E\u003Cb\u003E\u003Ca href=\u0027https:\/\/musmed.eu\/chant\/142944\u0027 target=\u0027_blank\u0027\u003ESit nomen domini benedictum ex hoc\u003C\/a\u003E\u003C\/b\u003E\u003C\/td\u003E\u003Ctd\u003ESabbato in Albis\u003C\/td\u003E\u003Ctd\u003E\u003C\/td\u003E\u003Ctd\u003EAlV\u003C\/td\u003E\u003Ctd\u003E\u003C\/td\u003E\u003Ctd\u003E\u003C\/td\u003E\u003Ctd\u003E\u003Ca href=\u0027http:\/\/tudigit.ulb.tu-darmstadt.de\/show\/Hs-545\/0120\/image\u0027 target=\u0027_blank\u0027\u003EImage\u003C\/a\u003E\u003C\/td\u003E\u003Ctd\u003EMMMO\u003C\/td\u003E \u003C\/tr\u003E\n \u003Ctr class=\u0022even\u0022\u003E\u003Ctd\u003E\u003Cb\u003E\u003Ca href=\u0027https:\/\/musmed.eu\/source\/9974\u0027 target=\u0027_blank\u0027\u003ED-Ful Aa 0006\u003C\/a\u003E\u003C\/b\u003E\u003C\/td\u003E\u003Ctd\u003E12th\u003C\/td\u003E\u003Ctd\u003E060r\u003C\/td\u003E\u003Ctd\u003E8\u003C\/td\u003E\u003Ctd\u003E\u003Cb\u003E\u003Ca href=\u0027https:\/\/musmed.eu\/chant\/223266\u0027 target=\u0027_blank\u0027\u003ESit nomen domini benedictum ex hoc\u003C\/a\u003E\u003C\/b\u003E\u003C\/td\u003E\u003Ctd\u003ESabbato in Albis\u003C\/td\u003E\u003Ctd\u003EMASS\u003C\/td\u003E\u003Ctd\u003EAlV\u003C\/td\u003E\u003Ctd\u003E\u003C\/td\u003E\u003Ctd\u003E\u003C\/td\u003E\u003Ctd\u003E\u003Ca href=\u0027https:\/\/fuldig.hs-fulda.de\/viewer\/image\/PPN314754954\/125\/\u0027 target=\u0027_blank\u0027\u003EImage\u003C\/a\u003E\u003C\/td\u003E\u003Ctd\u003EMMMO\u003C\/td\u003E \u003C\/tr\u003E\n \u003Ctr class=\u0022odd\u0022\u003E\u003Ctd\u003E\u003Cb\u003E\u003Ca href=\u0027https:\/\/musmed.eu\/source\/17266\u0027 target=\u0027_blank\u0027\u003ED-HEu Cod. Sal. X,007\u003C\/a\u003E\u003C\/b\u003E\u003C\/td\u003E\u003Ctd\u003E13th\u003C\/td\u003E\u003Ctd\u003E065v\u003C\/td\u003E\u003Ctd\u003E2\u003C\/td\u003E\u003Ctd\u003E\u003Cb\u003E\u003Ca href=\u0027https:\/\/musmed.eu\/chant\/94522\u0027 target=\u0027_blank\u0027\u003ESit nomen domini benedictum ex hoc\u003C\/a\u003E\u003C\/b\u003E\u003C\/td\u003E\u003Ctd\u003ESabbato in Albis\u003C\/td\u003E\u003Ctd\u003E\u003C\/td\u003E\u003Ctd\u003EAlV\u003C\/td\u003E\u003Ctd\u003E\u003C\/td\u003E\u003Ctd\u003E\u003C\/td\u003E\u003Ctd\u003E\u003Ca href=\u0027https:\/\/digi.ub.uni-heidelberg.de\/diglit\/salX7\/00132\/image\u0027 target=\u0027_blank\u0027\u003EImage\u003C\/a\u003E\u003C\/td\u003E\u003Ctd\u003EMMMO\u003C\/td\u003E \u003C\/tr\u003E\n \u003Ctr class=\u0022even\u0022\u003E\u003Ctd\u003E\u003Cb\u003E\u003Ca href=\u0027https:\/\/musmed.eu\/source\/11249\u0027 target=\u0027_blank\u0027\u003ED-KA Lichtenthal 002\u003C\/a\u003E\u003C\/b\u003E\u003C\/td\u003E\u003Ctd\u003E12th\u003C\/td\u003E\u003Ctd\u003E065v\u003C\/td\u003E\u003Ctd\u003E5\u003C\/td\u003E\u003Ctd\u003E\u003Cb\u003E\u003Ca href=\u0027https:\/\/musmed.eu\/chant\/227486\u0027 target=\u0027_blank\u0027\u003ESit nomen domini benedictum ex hoc\u003C\/a\u003E\u003C\/b\u003E\u003C\/td\u003E\u003Ctd\u003ESabbato in Albis\u003C\/td\u003E\u003Ctd\u003EMASS\u003C\/td\u003E\u003Ctd\u003EAlV\u003C\/td\u003E\u003Ctd\u003E\u003C\/td\u003E\u003Ctd\u003E\u003C\/td\u003E\u003Ctd\u003E\u003Ca href=\u0027https:\/\/digital.blb-karlsruhe.de\/blbhs\/Handschriften\/content\/pageview\/1170278\u0027 target=\u0027_blank\u0027\u003EImage\u003C\/a\u003E\u003C\/td\u003E\u003Ctd\u003EMMMO\u003C\/td\u003E \u003C\/tr\u003E\n \u003Ctr class=\u0022odd\u0022\u003E\u003Ctd\u003E\u003Cb\u003E\u003Ca href=\u0027https:\/\/musmed.eu\/source\/11578\u0027 target=\u0027_blank\u0027\u003ED-KWsr Drachenfels-Missale\u003C\/a\u003E\u003C\/b\u003E\u003C\/td\u003E\u003Ctd\u003E13th\u003C\/td\u003E\u003Ctd\u003E125v\u003C\/td\u003E\u003Ctd\u003E3\u003C\/td\u003E\u003Ctd\u003E\u003Cb\u003E\u003Ca href=\u0027https:\/\/musmed.eu\/chant\/53025\u0027 target=\u0027_blank\u0027\u003ESit nomen domini benedictum ex hoc\u003C\/a\u003E\u003C\/b\u003E\u003C\/td\u003E\u003Ctd\u003ESabbato in Albis\u003C\/td\u003E\u003Ctd\u003E\u003C\/td\u003E\u003Ctd\u003EAlV\u003C\/td\u003E\u003Ctd\u003E\u003C\/td\u003E\u003Ctd\u003E\u003C\/td\u003E\u003Ctd\u003E\u003Ca href=\u0027https:\/\/digital.dombibliothek-koeln.de\/hs\/content\/zoom\/263611\u0027 target=\u0027_blank\u0027\u003EImage\u003C\/a\u003E\u003C\/td\u003E\u003Ctd\u003EMMMO\u003C\/td\u003E \u003C\/tr\u003E\n \u003Ctr class=\u0022even\u0022\u003E\u003Ctd\u003E\u003Cb\u003E\u003Ca href=\u0027https:\/\/musmed.eu\/source\/11578\u0027 target=\u0027_blank\u0027\u003ED-KWsr Drachenfels-Missale\u003C\/a\u003E\u003C\/b\u003E\u003C\/td\u003E\u003Ctd\u003E13th\u003C\/td\u003E\u003Ctd\u003E193r\u003C\/td\u003E\u003Ctd\u003E4\u003C\/td\u003E\u003Ctd\u003E\u003Cb\u003E\u003Ca href=\u0027https:\/\/musmed.eu\/chant\/53500\u0027 target=\u0027_blank\u0027\u003ESit nomen domini *\u003C\/a\u003E\u003C\/b\u003E\u003C\/td\u003E\u003Ctd\u003EDom. 13 p. Pent.\u003C\/td\u003E\u003Ctd\u003E\u003C\/td\u003E\u003Ctd\u003EAlV\u003C\/td\u003E\u003Ctd\u003E\u003C\/td\u003E\u003Ctd\u003E\u003C\/td\u003E\u003Ctd\u003E\u003Ca href=\u0027https:\/\/digital.dombibliothek-koeln.de\/hs\/content\/zoom\/263746\u0027 target=\u0027_blank\u0027\u003EImage\u003C\/a\u003E\u003C\/td\u003E\u003Ctd\u003EMMMO\u003C\/td\u003E \u003C\/tr\u003E\n \u003Ctr class=\u0022odd\u0022\u003E\u003Ctd\u003E\u003Cb\u003E\u003Ca href=\u0027https:\/\/musmed.eu\/source\/138221\u0027 target=\u0027_blank\u0027\u003ED-LEu Ms Thomas 391\u003C\/a\u003E\u003C\/b\u003E\u003C\/td\u003E\u003Ctd\u003E13th\u003C\/td\u003E\u003Ctd\u003E075r\u003C\/td\u003E\u003Ctd\u003E7\u003C\/td\u003E\u003Ctd\u003E\u003Cb\u003E\u003Ca href=\u0027https:\/\/musmed.eu\/chant\/141725\u0027 target=\u0027_blank\u0027\u003ESit nomen domini benedictum ex hoc\u003C\/a\u003E\u003C\/b\u003E\u003C\/td\u003E\u003Ctd\u003ESabbato in Albis\u003C\/td\u003E\u003Ctd\u003E\u003C\/td\u003E\u003Ctd\u003EAlV\u003C\/td\u003E\u003Ctd\u003E\u003C\/td\u003E\u003Ctd\u003E\u003C\/td\u003E\u003Ctd\u003E\u003Ca href=\u0027http:\/\/universalviewer.io\/uv.html?manifest=https%3A\/\/iiif.ub.uni-leipzig.de\/0000032952\/manifest.json#?c=0\u0026m=0\u0026s=0\u0026cv=176\u0026xywh=-1210%2C1403%2C6162%2C2808=-1210%2C1403%2C6162%2C2808\u0027 target=\u0027_blank\u0027\u003EImage\u003C\/a\u003E\u003C\/td\u003E\u003Ctd\u003EMMMO\u003C\/td\u003E \u003C\/tr\u003E\n \u003Ctr class=\u0022even\u0022\u003E\u003Ctd\u003E\u003Cb\u003E\u003Ca href=\u0027https:\/\/musmed.eu\/source\/12116\u0027 target=\u0027_blank\u0027\u003ED-Mbs Clm 02541\u003C\/a\u003E\u003C\/b\u003E\u003C\/td\u003E\u003Ctd\u003E12th\u003C\/td\u003E\u003Ctd\u003E087r\u003C\/td\u003E\u003Ctd\u003E2\u003C\/td\u003E\u003Ctd\u003E\u003Cb\u003E\u003Ca href=\u0027https:\/\/musmed.eu\/chant\/216214\u0027 target=\u0027_blank\u0027\u003ESit nomen domini benedictum ex hoc\u003C\/a\u003E\u003C\/b\u003E\u003C\/td\u003E\u003Ctd\u003ESabbato in Albis\u003C\/td\u003E\u003Ctd\u003EMASS\u003C\/td\u003E\u003Ctd\u003EAlV\u003C\/td\u003E\u003Ctd\u003E\u003C\/td\u003E\u003Ctd\u003E\u003C\/td\u003E\u003Ctd\u003E\u003Ca href=\u0027https:\/\/api.digitale-sammlungen.de\/iiif\/presentation\/v2\/bsb00017608\/canvas\/174\/view\u0027 target=\u0027_blank\u0027\u003EImage\u003C\/a\u003E\u003C\/td\u003E\u003Ctd\u003EMMMO\u003C\/td\u003E \u003C\/tr\u003E\n \u003Ctr class=\u0022odd\u0022\u003E\u003Ctd\u003E\u003Cb\u003E\u003Ca href=\u0027https:\/\/musmed.eu\/source\/12295\u0027 target=\u0027_blank\u0027\u003ED-Mbs Clm 14965b\u003C\/a\u003E\u003C\/b\u003E\u003C\/td\u003E\u003Ctd\u003E11th\u003C\/td\u003E\u003Ctd\u003E053ra\u003C\/td\u003E\u003Ctd\u003E15\u003C\/td\u003E\u003Ctd\u003E\u003Cb\u003E\u003Ca href=\u0027https:\/\/musmed.eu\/chant\/184844\u0027 target=\u0027_blank\u0027\u003ESit nomen *\u003C\/a\u003E\u003C\/b\u003E\u003C\/td\u003E\u003Ctd\u003E\u003C\/td\u003E\u003Ctd\u003EMASS\u003C\/td\u003E\u003Ctd\u003EAlV\u003C\/td\u003E\u003Ctd\u003E\u003C\/td\u003E\u003Ctd\u003E4\u003C\/td\u003E\u003Ctd\u003E\u003Ca href=\u0027https:\/\/daten.digitale-sammlungen.de\/bsb00005842\/images\/index.html?id=00005842\u0026groesser=\u0026fip=qrssdasqrsxsqrsxsxdsydwen\u0026no=34\u0026seite=107\u0027 target=\u0027_blank\u0027\u003EImage\u003C\/a\u003E\u003C\/td\u003E\u003Ctd\u003EMMMO\u003C\/td\u003E \u003C\/tr\u003E\n \u003Ctr class=\u0022even\u0022\u003E\u003Ctd\u003E\u003Cb\u003E\u003Ca href=\u0027https:\/\/musmed.eu\/source\/15154\u0027 target=\u0027_blank\u0027\u003ED-W Cod Guelf Helmst 1008\u003C\/a\u003E\u003C\/b\u003E\u003C\/td\u003E\u003Ctd\u003E11th\u003C\/td\u003E\u003Ctd\u003E141v\u003C\/td\u003E\u003Ctd\u003E4\u003C\/td\u003E\u003Ctd\u003E\u003Cb\u003E\u003Ca href=\u0027https:\/\/musmed.eu\/chant\/76953\u0027 target=\u0027_blank\u0027\u003ESit nomen domini benedictum ex hoc\u003C\/a\u003E\u003C\/b\u003E\u003C\/td\u003E\u003Ctd\u003ESabbato in Albis\u003C\/td\u003E\u003Ctd\u003E\u003C\/td\u003E\u003Ctd\u003EAlV\u003C\/td\u003E\u003Ctd\u003E\u003C\/td\u003E\u003Ctd\u003E\u003C\/td\u003E\u003Ctd\u003E\u003Ca href=\u0027http:\/\/diglib.hab.de\/wdb.php?dir=mss\/1008-helmst\u0026pointer=285\u0027 target=\u0027_blank\u0027\u003EImage\u003C\/a\u003E\u003C\/td\u003E\u003Ctd\u003EMMMO\u003C\/td\u003E \u003C\/tr\u003E\n \u003Ctr class=\u0022odd\u0022\u003E\u003Ctd\u003E\u003Cb\u003E\u003Ca href=\u0027https:\/\/musmed.eu\/source\/15154\u0027 target=\u0027_blank\u0027\u003ED-W Cod Guelf Helmst 1008\u003C\/a\u003E\u003C\/b\u003E\u003C\/td\u003E\u003Ctd\u003E11th\u003C\/td\u003E\u003Ctd\u003E183r\u003C\/td\u003E\u003Ctd\u003E14\u003C\/td\u003E\u003Ctd\u003E\u003Cb\u003E\u003Ca href=\u0027https:\/\/musmed.eu\/chant\/80449\u0027 target=\u0027_blank\u0027\u003ESit nomen domini *\u003C\/a\u003E\u003C\/b\u003E\u003C\/td\u003E\u003Ctd\u003ESeptem Fratrum\u003C\/td\u003E\u003Ctd\u003E\u003C\/td\u003E\u003Ctd\u003EAlV\u003C\/td\u003E\u003Ctd\u003E\u003C\/td\u003E\u003Ctd\u003E\u003C\/td\u003E\u003Ctd\u003E\u003Ca href=\u0027http:\/\/diglib.hab.de\/wdb.php?dir=mss\/1008-helmst\u0026pointer=368\u0027 target=\u0027_blank\u0027\u003EImage\u003C\/a\u003E\u003C\/td\u003E\u003Ctd\u003EMMMO\u003C\/td\u003E \u003C\/tr\u003E\n \u003Ctr class=\u0022even\u0022\u003E\u003Ctd\u003E\u003Cb\u003E\u003Ca href=\u0027https:\/\/musicahispanica.eu\/source\/20246\u0027 target=\u0027_blank\u0027\u003EE-Bbc (Barcelona) M 1147\u003C\/a\u003E\u003C\/b\u003E\u003C\/td\u003E\u003Ctd\u003E12th\u003C\/td\u003E\u003Ctd\u003E102v\u003C\/td\u003E\u003Ctd\u003E4\u003C\/td\u003E\u003Ctd\u003E\u003Cb\u003E\u003Ca href=\u0027https:\/\/musicahispanica.eu\/chant\/36034\u0027 target=\u0027_blank\u0027\u003ESit nomen domini benedictum ex hoc\u003C\/a\u003E\u003C\/b\u003E\u003C\/td\u003E\u003Ctd\u003ENat. Innocentium\u003C\/td\u003E\u003Ctd\u003EMASS\u003C\/td\u003E\u003Ctd\u003EAlV\u003C\/td\u003E\u003Ctd\u003E\u003C\/td\u003E\u003Ctd\u003E\u003C\/td\u003E\u003Ctd\u003E\u003C\/td\u003E\u003Ctd\u003ESEMM\u003C\/td\u003E \u003C\/tr\u003E\n \u003Ctr class=\u0022odd\u0022\u003E\u003Ctd\u003E\u003Cb\u003E\u003Ca href=\u0027https:\/\/musicahispanica.eu\/source\/20169\u0027 target=\u0027_blank\u0027\u003EE-Mh (Madrid) C\u00f3d. 51\u003C\/a\u003E\u003C\/b\u003E\u003C\/td\u003E\u003Ctd\u003E12th\u003C\/td\u003E\u003Ctd\u003E202V\u003C\/td\u003E\u003Ctd\u003E1\u003C\/td\u003E\u003Ctd\u003E\u003Cb\u003E\u003Ca href=\u0027https:\/\/musicahispanica.eu\/chant\/30918\u0027 target=\u0027_blank\u0027\u003ESit nomen domini benedictum ex hoc\u003C\/a\u003E\u003C\/b\u003E\u003C\/td\u003E\u003Ctd\u003ESeptem Fratrum\u003C\/td\u003E\u003Ctd\u003EMASS\u003C\/td\u003E\u003Ctd\u003EAlV\u003C\/td\u003E\u003Ctd\u003E\u003C\/td\u003E\u003Ctd\u003E4\u003C\/td\u003E\u003Ctd\u003E\u003C\/td\u003E\u003Ctd\u003ESEMM\u003C\/td\u003E \u003C\/tr\u003E\n \u003Ctr class=\u0022even\u0022\u003E\u003Ctd\u003E\u003Cb\u003E\u003Ca href=\u0027https:\/\/musmed.eu\/source\/8575\u0027 target=\u0027_blank\u0027\u003EF-AUT S 12 (11)\u003C\/a\u003E\u003C\/b\u003E\u003C\/td\u003E\u003Ctd\u003E12th\u003C\/td\u003E\u003Ctd\u003E084v\u003C\/td\u003E\u003Ctd\u003E2\u003C\/td\u003E\u003Ctd\u003E\u003Cb\u003E\u003Ca href=\u0027https:\/\/musmed.eu\/chant\/75670\u0027 target=\u0027_blank\u0027\u003ESit nomen domini benedictum ex hoc\u003C\/a\u003E\u003C\/b\u003E\u003C\/td\u003E\u003Ctd\u003ESabbato in Albis\u003C\/td\u003E\u003Ctd\u003EMASS\u003C\/td\u003E\u003Ctd\u003EAlV\u003C\/td\u003E\u003Ctd\u003E\u003C\/td\u003E\u003Ctd\u003E\u003C\/td\u003E\u003Ctd\u003E\u003Ca href=\u0027https:\/\/bvmm.irht.cnrs.fr\/iiif\/21561\/canvas\/canvas-1938493\/view\u0027 target=\u0027_blank\u0027\u003EImage\u003C\/a\u003E\u003C\/td\u003E\u003Ctd\u003EMMMO\u003C\/td\u003E \u003C\/tr\u003E\n \u003Ctr class=\u0022odd\u0022\u003E\u003Ctd\u003E\u003Cb\u003E\u003Ca href=\u0027https:\/\/cantusdatabase.org\/source\/123601\u0027 target=\u0027_blank\u0027\u003EF-CA 38\u003C\/a\u003E\u003C\/b\u003E\u003C\/td\u003E\u003Ctd\u003E\u003C\/td\u003E\u003Ctd\u003E121v\u003C\/td\u003E\u003Ctd\u003E6\u003C\/td\u003E\u003Ctd\u003E\u003Cb\u003E\u003Ca href=\u0027https:\/\/cantusdatabase.org\/chant\/201719\u0027 target=\u0027_blank\u0027\u003ESit nomen domini benedictum ex\u003C\/a\u003E\u003C\/b\u003E\u003C\/td\u003E\u003Ctd\u003EDom. Resurrectionis\u003C\/td\u003E\u003Ctd\u003ER\u003C\/td\u003E\u003Ctd\u003EAlV\u003C\/td\u003E\u003Ctd\u003E01\u003C\/td\u003E\u003Ctd\u003E\u003C\/td\u003E\u003Ctd\u003E\u003C\/td\u003E\u003Ctd\u003ECD\u003C\/td\u003E \u003C\/tr\u003E\n \u003Ctr class=\u0022even\u0022\u003E\u003Ctd\u003E\u003Cb\u003E\u003Ca href=\u0027https:\/\/cantusdatabase.org\/source\/123602\u0027 target=\u0027_blank\u0027\u003EF-CA Impr. XVI C 4\u003C\/a\u003E\u003C\/b\u003E\u003C\/td\u003E\u003Ctd\u003E\u003C\/td\u003E\u003Ctd\u003E050r\u003C\/td\u003E\u003Ctd\u003E4\u003C\/td\u003E\u003Ctd\u003E\u003Cb\u003E\u003Ca href=\u0027https:\/\/cantusdatabase.org\/chant\/206820\u0027 target=\u0027_blank\u0027\u003ESit nomen domini benedictum\u003C\/a\u003E\u003C\/b\u003E\u003C\/td\u003E\u003Ctd\u003EDom. Resurrectionis\u003C\/td\u003E\u003Ctd\u003ER\u003C\/td\u003E\u003Ctd\u003EAlV\u003C\/td\u003E\u003Ctd\u003E01\u003C\/td\u003E\u003Ctd\u003E\u003C\/td\u003E\u003Ctd\u003E\u003C\/td\u003E\u003Ctd\u003ECD\u003C\/td\u003E \u003C\/tr\u003E\n \u003Ctr class=\u0022odd\u0022\u003E\u003Ctd\u003E\u003Cb\u003E\u003Ca href=\u0027https:\/\/musmed.eu\/source\/9070\u0027 target=\u0027_blank\u0027\u003EF-CA Ms 60 (61)\u003C\/a\u003E\u003C\/b\u003E\u003C\/td\u003E\u003Ctd\u003E11th\u003C\/td\u003E\u003Ctd\u003E044r\u003C\/td\u003E\u003Ctd\u003E3\u003C\/td\u003E\u003Ctd\u003E\u003Cb\u003E\u003Ca href=\u0027https:\/\/musmed.eu\/chant\/198267\u0027 target=\u0027_blank\u0027\u003ESit nomen domini benedictum ex hoc\u003C\/a\u003E\u003C\/b\u003E\u003C\/td\u003E\u003Ctd\u003EDom. Resurrectionis\u003C\/td\u003E\u003Ctd\u003EV2\u003C\/td\u003E\u003Ctd\u003EAlV\u003C\/td\u003E\u003Ctd\u003E\u003C\/td\u003E\u003Ctd\u003E\u003C\/td\u003E\u003Ctd\u003E\u003Ca href=\u0027https:\/\/bvmm.irht.cnrs.fr\/iiif\/19288\/canvas\/canvas-1708595\/view\u0027 target=\u0027_blank\u0027\u003EImage\u003C\/a\u003E\u003C\/td\u003E\u003Ctd\u003EMMMO\u003C\/td\u003E \u003C\/tr\u003E\n \u003Ctr class=\u0022even\u0022\u003E\u003Ctd\u003E\u003Cb\u003E\u003Ca href=\u0027https:\/\/musmed.eu\/source\/9070\u0027 target=\u0027_blank\u0027\u003EF-CA Ms 60 (61)\u003C\/a\u003E\u003C\/b\u003E\u003C\/td\u003E\u003Ctd\u003E11th\u003C\/td\u003E\u003Ctd\u003E047v\u003C\/td\u003E\u003Ctd\u003E5\u003C\/td\u003E\u003Ctd\u003E\u003Cb\u003E\u003Ca href=\u0027https:\/\/musmed.eu\/chant\/198343\u0027 target=\u0027_blank\u0027\u003ESit nomen domini *\u003C\/a\u003E\u003C\/b\u003E\u003C\/td\u003E\u003Ctd\u003ESabbato in Albis\u003C\/td\u003E\u003Ctd\u003EMASS\u003C\/td\u003E\u003Ctd\u003EAlV\u003C\/td\u003E\u003Ctd\u003E\u003C\/td\u003E\u003Ctd\u003E\u003C\/td\u003E\u003Ctd\u003E\u003Ca href=\u0027https:\/\/bvmm.irht.cnrs.fr\/iiif\/19288\/canvas\/canvas-1708599\/view\u0027 target=\u0027_blank\u0027\u003EImage\u003C\/a\u003E\u003C\/td\u003E\u003Ctd\u003EMMMO\u003C\/td\u003E \u003C\/tr\u003E\n \u003Ctr class=\u0022odd\u0022\u003E\u003Ctd\u003E\u003Cb\u003E\u003Ca href=\u0027https:\/\/musmed.eu\/source\/9073\u0027 target=\u0027_blank\u0027\u003EF-CA Ms 75 (76)\u003C\/a\u003E\u003C\/b\u003E\u003C\/td\u003E\u003Ctd\u003E11th\u003C\/td\u003E\u003Ctd\u003E090r\u003C\/td\u003E\u003Ctd\u003E2\u003C\/td\u003E\u003Ctd\u003E\u003Cb\u003E\u003Ca href=\u0027https:\/\/musmed.eu\/chant\/139995\u0027 target=\u0027_blank\u0027\u003ESit nomen domini benedictum ex hoc\u003C\/a\u003E\u003C\/b\u003E\u003C\/td\u003E\u003Ctd\u003ESabbato in Albis\u003C\/td\u003E\u003Ctd\u003EMASS\u003C\/td\u003E\u003Ctd\u003EAlV\u003C\/td\u003E\u003Ctd\u003E\u003C\/td\u003E\u003Ctd\u003E\u003C\/td\u003E\u003Ctd\u003E\u003Ca href=\u0027https:\/\/bvmm.irht.cnrs.fr\/iiif\/32304\/canvas\/canvas-2842075\/view\u0027 target=\u0027_blank\u0027\u003EImage\u003C\/a\u003E\u003C\/td\u003E\u003Ctd\u003EMMMO\u003C\/td\u003E \u003C\/tr\u003E\n \u003Ctr class=\u0022even\u0022\u003E\u003Ctd\u003E\u003Cb\u003E\u003Ca href=\u0027https:\/\/musmed.eu\/source\/9076\u0027 target=\u0027_blank\u0027\u003EF-CA Ms 78 (79)\u003C\/a\u003E\u003C\/b\u003E\u003C\/td\u003E\u003Ctd\u003E11th\u003C\/td\u003E\u003Ctd\u003E027v\u003C\/td\u003E\u003Ctd\u003E6\u003C\/td\u003E\u003Ctd\u003E\u003Cb\u003E\u003Ca href=\u0027https:\/\/musmed.eu\/chant\/201216\u0027 target=\u0027_blank\u0027\u003ESit nomen *\u003C\/a\u003E\u003C\/b\u003E\u003C\/td\u003E\u003Ctd\u003EDom. Resurrectionis\u003C\/td\u003E\u003Ctd\u003EV2\u003C\/td\u003E\u003Ctd\u003EAlV\u003C\/td\u003E\u003Ctd\u003E\u003C\/td\u003E\u003Ctd\u003E\u003C\/td\u003E\u003Ctd\u003E\u003Ca href=\u0027https:\/\/bvmm.irht.cnrs.fr\/iiif\/19354\/canvas\/canvas-1722539\/view\u0027 target=\u0027_blank\u0027\u003EImage\u003C\/a\u003E\u003C\/td\u003E\u003Ctd\u003EMMMO\u003C\/td\u003E \u003C\/tr\u003E\n \u003Ctr class=\u0022odd\u0022\u003E\u003Ctd\u003E\u003Cb\u003E\u003Ca href=\u0027https:\/\/musmed.eu\/source\/9076\u0027 target=\u0027_blank\u0027\u003EF-CA Ms 78 (79)\u003C\/a\u003E\u003C\/b\u003E\u003C\/td\u003E\u003Ctd\u003E11th\u003C\/td\u003E\u003Ctd\u003E080r\u003C\/td\u003E\u003Ctd\u003E3\u003C\/td\u003E\u003Ctd\u003E\u003Cb\u003E\u003Ca href=\u0027https:\/\/musmed.eu\/chant\/200165\u0027 target=\u0027_blank\u0027\u003ESit nomen domini benedictum ex hoc\u003C\/a\u003E\u003C\/b\u003E\u003C\/td\u003E\u003Ctd\u003EFer. 3 p. Pascha\u003C\/td\u003E\u003Ctd\u003EMASS\u003C\/td\u003E\u003Ctd\u003EAlV\u003C\/td\u003E\u003Ctd\u003E\u003C\/td\u003E\u003Ctd\u003E\u003C\/td\u003E\u003Ctd\u003E\u003Ca href=\u0027https:\/\/bvmm.irht.cnrs.fr\/iiif\/19354\/canvas\/canvas-1722591\/view\u0027 target=\u0027_blank\u0027\u003EImage\u003C\/a\u003E\u003C\/td\u003E\u003Ctd\u003EMMMO\u003C\/td\u003E \u003C\/tr\u003E\n \u003Ctr class=\u0022even\u0022\u003E\u003Ctd\u003E\u003Cb\u003E\u003Ca href=\u0027https:\/\/musmed.eu\/source\/9343\u0027 target=\u0027_blank\u0027\u003EF-CHRm Ms 47\u003C\/a\u003E\u003C\/b\u003E\u003C\/td\u003E\u003Ctd\u003E10th\u003C\/td\u003E\u003Ctd\u003E054v\u003C\/td\u003E\u003Ctd\u003E1\u003C\/td\u003E\u003Ctd\u003E\u003Cb\u003E\u003Ca href=\u0027https:\/\/musmed.eu\/chant\/69670\u0027 target=\u0027_blank\u0027\u003ESit no[men] domini benedictum ex\u003C\/a\u003E\u003C\/b\u003E\u003C\/td\u003E\u003Ctd\u003E\u003C\/td\u003E\u003Ctd\u003EMASS\u003C\/td\u003E\u003Ctd\u003EAlV\u003C\/td\u003E\u003Ctd\u003E\u003C\/td\u003E\u003Ctd\u003E\u003C\/td\u003E\u003Ctd\u003E\u003Ca href=\u0027https:\/\/bvmm.irht.cnrs.fr\/iiif\/32293\/canvas\/canvas-2840417\/view\u0027 target=\u0027_blank\u0027\u003EImage\u003C\/a\u003E\u003C\/td\u003E\u003Ctd\u003EMMMO\u003C\/td\u003E \u003C\/tr\u003E\n \u003Ctr class=\u0022odd\u0022\u003E\u003Ctd\u003E\u003Cb\u003E\u003Ca href=\u0027https:\/\/musmed.eu\/source\/9488\u0027 target=\u0027_blank\u0027\u003EF-CO Ms 444 (217)\u003C\/a\u003E\u003C\/b\u003E\u003C\/td\u003E\u003Ctd\u003E11th\u003C\/td\u003E\u003Ctd\u003E035r\u003C\/td\u003E\u003Ctd\u003E2\u003C\/td\u003E\u003Ctd\u003E\u003Cb\u003E\u003Ca href=\u0027https:\/\/musmed.eu\/chant\/124610\u0027 target=\u0027_blank\u0027\u003ESit nomen domini benedictum ex hoc\u003C\/a\u003E\u003C\/b\u003E\u003C\/td\u003E\u003Ctd\u003ESabbato Pent.\u003C\/td\u003E\u003Ctd\u003E\u003C\/td\u003E\u003Ctd\u003EAlV\u003C\/td\u003E\u003Ctd\u003E\u003C\/td\u003E\u003Ctd\u003E\u003C\/td\u003E\u003Ctd\u003E\u003Ca href=\u0027https:\/\/bvmm.irht.cnrs.fr\/consult\/consult.php?mode=ecran\u0026panier=false\u0026reproductionId=1958\u0026VUE_ID=539490\u0026carouselThere=false\u0026nbVignettes=4x3\u0026page=3\u0026angle=0\u0026zoom=moyen\u0026tailleReelle=\u0027 target=\u0027_blank\u0027\u003EImage\u003C\/a\u003E\u003C\/td\u003E\u003Ctd\u003EMMMO\u003C\/td\u003E \u003C\/tr\u003E\n \u003Ctr class=\u0022even\u0022\u003E\u003Ctd\u003E\u003Cb\u003E\u003Ca href=\u0027https:\/\/musmed.eu\/source\/11597\u0027 target=\u0027_blank\u0027\u003EF-LA Ms 236\u003C\/a\u003E\u003C\/b\u003E\u003C\/td\u003E\u003Ctd\u003E11th\u003C\/td\u003E\u003Ctd\u003E078v\u003C\/td\u003E\u003Ctd\u003E3\u003C\/td\u003E\u003Ctd\u003E\u003Cb\u003E\u003Ca href=\u0027https:\/\/musmed.eu\/chant\/179889\u0027 target=\u0027_blank\u0027\u003ESit nomen domini benedictum ex hoc\u003C\/a\u003E\u003C\/b\u003E\u003C\/td\u003E\u003Ctd\u003ESabbato in Albis\u003C\/td\u003E\u003Ctd\u003EMASS\u003C\/td\u003E\u003Ctd\u003EAlV\u003C\/td\u003E\u003Ctd\u003E\u003C\/td\u003E\u003Ctd\u003E\u003C\/td\u003E\u003Ctd\u003E\u003Ca href=\u0027https:\/\/bibliotheque-numerique.ville-laon.fr\/viewer\/1463\/?offset=#page=160\u0026viewer=picture\u0026o=bookmark\u0026n=0\u0026q=\u0027 target=\u0027_blank\u0027\u003EImage\u003C\/a\u003E\u003C\/td\u003E\u003Ctd\u003EMMMO\u003C\/td\u003E \u003C\/tr\u003E\n \u003Ctr class=\u0022odd\u0022\u003E\u003Ctd\u003E\u003Cb\u003E\u003Ca href=\u0027https:\/\/musmed.eu\/source\/11599\u0027 target=\u0027_blank\u0027\u003EF-LA Ms 239\u003C\/a\u003E\u003C\/b\u003E\u003C\/td\u003E\u003Ctd\u003E9th\u003C\/td\u003E\u003Ctd\u003E056r\u003C\/td\u003E\u003Ctd\u003E5\u003C\/td\u003E\u003Ctd\u003E\u003Cb\u003E\u003Ca href=\u0027https:\/\/musmed.eu\/chant\/19363\u0027 target=\u0027_blank\u0027\u003ESit nomen domini benedictum ex hoc\u003C\/a\u003E\u003C\/b\u003E\u003C\/td\u003E\u003Ctd\u003ESabbato in Albis\u003C\/td\u003E\u003Ctd\u003E\u003C\/td\u003E\u003Ctd\u003EAlV\u003C\/td\u003E\u003Ctd\u003E\u003C\/td\u003E\u003Ctd\u003E\u003C\/td\u003E\u003Ctd\u003E\u003Ca href=\u0027https:\/\/bibliotheque-numerique.ville-laon.fr\/viewer\/1457\/?offset=1#page=119\u0026viewer=picture\u0026o=bookmarks\u0026n=0\u0026q=\u0027 target=\u0027_blank\u0027\u003EImage\u003C\/a\u003E\u003C\/td\u003E\u003Ctd\u003EMMMO\u003C\/td\u003E \u003C\/tr\u003E\n \u003Ctr class=\u0022even\u0022\u003E\u003Ctd\u003E\u003Cb\u003E\u003Ca href=\u0027https:\/\/musmed.eu\/source\/13330\u0027 target=\u0027_blank\u0027\u003EF-Pn Lat. 10510\u003C\/a\u003E\u003C\/b\u003E\u003C\/td\u003E\u003Ctd\u003E11th\u003C\/td\u003E\u003Ctd\u003E102r\u003C\/td\u003E\u003Ctd\u003E5\u003C\/td\u003E\u003Ctd\u003E\u003Cb\u003E\u003Ca href=\u0027https:\/\/musmed.eu\/chant\/214398\u0027 target=\u0027_blank\u0027\u003ESit nomen domini benedictum ex hoc\u003C\/a\u003E\u003C\/b\u003E\u003C\/td\u003E\u003Ctd\u003ESabbato in Albis\u003C\/td\u003E\u003Ctd\u003EMASS\u003C\/td\u003E\u003Ctd\u003EAlV\u003C\/td\u003E\u003Ctd\u003E\u003C\/td\u003E\u003Ctd\u003E\u003C\/td\u003E\u003Ctd\u003E\u003Ca href=\u0027https:\/\/gallica.bnf.fr\/ark:\/12148\/btv1b9066124k\/f104.item\u0027 target=\u0027_blank\u0027\u003EImage\u003C\/a\u003E\u003C\/td\u003E\u003Ctd\u003EMMMO\u003C\/td\u003E \u003C\/tr\u003E\n \u003Ctr class=\u0022odd\u0022\u003E\u003Ctd\u003E\u003Cb\u003E\u003Ca href=\u0027https:\/\/musmed.eu\/source\/13060\u0027 target=\u0027_blank\u0027\u003EF-Pn Lat. 1121\u003C\/a\u003E\u003C\/b\u003E\u003C\/td\u003E\u003Ctd\u003E11th\u003C\/td\u003E\u003Ctd\u003E213r\u003C\/td\u003E\u003Ctd\u003E4\u003C\/td\u003E\u003Ctd\u003E\u003Cb\u003E\u003Ca href=\u0027https:\/\/musmed.eu\/chant\/162384\u0027 target=\u0027_blank\u0027\u003ESit nomen Domini benedictum ex hoc\u003C\/a\u003E\u003C\/b\u003E\u003C\/td\u003E\u003Ctd\u003ESabbato in Albis\u003C\/td\u003E\u003Ctd\u003E\u003C\/td\u003E\u003Ctd\u003EAlV\u003C\/td\u003E\u003Ctd\u003E\u003C\/td\u003E\u003Ctd\u003E\u003C\/td\u003E\u003Ctd\u003E\u003Ca href=\u0027https:\/\/gallica.bnf.fr\/ark:\/12148\/btv1b8432272p\/f435.item\u0027 target=\u0027_blank\u0027\u003EImage\u003C\/a\u003E\u003C\/td\u003E\u003Ctd\u003EMMMO\u003C\/td\u003E \u003C\/tr\u003E\n \u003Ctr class=\u0022even\u0022\u003E\u003Ctd\u003E\u003Cb\u003E\u003Ca href=\u0027https:\/\/musmed.eu\/source\/13063\u0027 target=\u0027_blank\u0027\u003EF-Pn Lat. 1132\u003C\/a\u003E\u003C\/b\u003E\u003C\/td\u003E\u003Ctd\u003E11th\u003C\/td\u003E\u003Ctd\u003E065r\u003C\/td\u003E\u003Ctd\u003E5\u003C\/td\u003E\u003Ctd\u003E\u003Cb\u003E\u003Ca href=\u0027https:\/\/musmed.eu\/chant\/233833\u0027 target=\u0027_blank\u0027\u003ESit nomen Domini benedictum ex hoc\u003C\/a\u003E\u003C\/b\u003E\u003C\/td\u003E\u003Ctd\u003ESabbato in Albis\u003C\/td\u003E\u003Ctd\u003EMASS\u003C\/td\u003E\u003Ctd\u003EAlV\u003C\/td\u003E\u003Ctd\u003E\u003C\/td\u003E\u003Ctd\u003E\u003C\/td\u003E\u003Ctd\u003E\u003Ca href=\u0027https:\/\/gallica.bnf.fr\/ark:\/12148\/btv1b9066118v\/f69.item.r=latin%201132.zoom\u0027 target=\u0027_blank\u0027\u003EImage\u003C\/a\u003E\u003C\/td\u003E\u003Ctd\u003EMMMO\u003C\/td\u003E \u003C\/tr\u003E\n \u003Ctr class=\u0022odd\u0022\u003E\u003Ctd\u003E\u003Cb\u003E\u003Ca href=\u0027https:\/\/musmed.eu\/source\/13065\u0027 target=\u0027_blank\u0027\u003EF-Pn Lat. 1134\u003C\/a\u003E\u003C\/b\u003E\u003C\/td\u003E\u003Ctd\u003E11th\u003C\/td\u003E\u003Ctd\u003E044r\u003C\/td\u003E\u003Ctd\u003E1\u003C\/td\u003E\u003Ctd\u003E\u003Cb\u003E\u003Ca href=\u0027https:\/\/musmed.eu\/chant\/116728\u0027 target=\u0027_blank\u0027\u003ESit nomen domini benedictum ex hoc\u003C\/a\u003E\u003C\/b\u003E\u003C\/td\u003E\u003Ctd\u003EOctava Paschae\u003C\/td\u003E\u003Ctd\u003E\u003C\/td\u003E\u003Ctd\u003EAlV\u003C\/td\u003E\u003Ctd\u003E\u003C\/td\u003E\u003Ctd\u003E\u003C\/td\u003E\u003Ctd\u003E\u003Ca href=\u0027https:\/\/gallica.bnf.fr\/ark:\/12148\/btv1b84546779\/f97.item.zoom\u0027 target=\u0027_blank\u0027\u003EImage\u003C\/a\u003E\u003C\/td\u003E\u003Ctd\u003EMMMO\u003C\/td\u003E \u003C\/tr\u003E\n \u003Ctr class=\u0022even\u0022\u003E\u003Ctd\u003E\u003Cb\u003E\u003Ca href=\u0027https:\/\/musmed.eu\/source\/13067\u0027 target=\u0027_blank\u0027\u003EF-Pn Lat. 1136\u003C\/a\u003E\u003C\/b\u003E\u003C\/td\u003E\u003Ctd\u003E11th\u003C\/td\u003E\u003Ctd\u003E079r\u003C\/td\u003E\u003Ctd\u003E3\u003C\/td\u003E\u003Ctd\u003E\u003Cb\u003E\u003Ca href=\u0027https:\/\/musmed.eu\/chant\/194653\u0027 target=\u0027_blank\u0027\u003ESit nomen Domini benedictum ex hoc\u003C\/a\u003E\u003C\/b\u003E\u003C\/td\u003E\u003Ctd\u003E\u003C\/td\u003E\u003Ctd\u003E\u003C\/td\u003E\u003Ctd\u003EAlV\u003C\/td\u003E\u003Ctd\u003E\u003C\/td\u003E\u003Ctd\u003E\u003C\/td\u003E\u003Ctd\u003E\u003Ca href=\u0027https:\/\/gallica.bnf.fr\/ark:\/12148\/btv1b90661465\/f80.item\u0027 target=\u0027_blank\u0027\u003EImage\u003C\/a\u003E\u003C\/td\u003E\u003Ctd\u003EMMMO\u003C\/td\u003E \u003C\/tr\u003E\n \u003Ctr class=\u0022odd\u0022\u003E\u003Ctd\u003E\u003Cb\u003E\u003Ca href=\u0027https:\/\/musmed.eu\/source\/13416\u0027 target=\u0027_blank\u0027\u003EF-Pn Lat. 13252\u003C\/a\u003E\u003C\/b\u003E\u003C\/td\u003E\u003Ctd\u003E11th\u003C\/td\u003E\u003Ctd\u003E084v\u003C\/td\u003E\u003Ctd\u003E4\u003C\/td\u003E\u003Ctd\u003E\u003Cb\u003E\u003Ca href=\u0027https:\/\/musmed.eu\/chant\/166767\u0027 target=\u0027_blank\u0027\u003ESit nomen domini benedictum ex hoc\u003C\/a\u003E\u003C\/b\u003E\u003C\/td\u003E\u003Ctd\u003ESabbato in Albis\u003C\/td\u003E\u003Ctd\u003EMASS\u003C\/td\u003E\u003Ctd\u003EAlV\u003C\/td\u003E\u003Ctd\u003E\u003C\/td\u003E\u003Ctd\u003E\u003C\/td\u003E\u003Ctd\u003E\u003Ca href=\u0027https:\/\/gallica.bnf.fr\/ark:\/12148\/btv1b8422979q\/f172.item\u0027 target=\u0027_blank\u0027\u003EImage\u003C\/a\u003E\u003C\/td\u003E\u003Ctd\u003EMMMO\u003C\/td\u003E \u003C\/tr\u003E\n \u003Ctr class=\u0022even\u0022\u003E\u003Ctd\u003E\u003Cb\u003E\u003Ca href=\u0027https:\/\/musmed.eu\/source\/13007\u0027 target=\u0027_blank\u0027\u003EF-Pn Lat. 833\u003C\/a\u003E\u003C\/b\u003E\u003C\/td\u003E\u003Ctd\u003E12th\u003C\/td\u003E\u003Ctd\u003E114v\u003C\/td\u003E\u003Ctd\u003E3\u003C\/td\u003E\u003Ctd\u003E\u003Cb\u003E\u003Ca href=\u0027https:\/\/musmed.eu\/chant\/87063\u0027 target=\u0027_blank\u0027\u003ESit nomen domini benedictum ex hoc\u003C\/a\u003E\u003C\/b\u003E\u003C\/td\u003E\u003Ctd\u003ESabbato in Albis\u003C\/td\u003E\u003Ctd\u003E\u003C\/td\u003E\u003Ctd\u003EAlV\u003C\/td\u003E\u003Ctd\u003E\u003C\/td\u003E\u003Ctd\u003E\u003C\/td\u003E\u003Ctd\u003E\u003Ca href=\u0027https:\/\/gallica.bnf.fr\/ark:\/12148\/btv1b84323061\/f236.item.zoom\u0027 target=\u0027_blank\u0027\u003EImage\u003C\/a\u003E\u003C\/td\u003E\u003Ctd\u003EMMMO\u003C\/td\u003E \u003C\/tr\u003E\n \u003Ctr class=\u0022odd\u0022\u003E\u003Ctd\u003E\u003Cb\u003E\u003Ca href=\u0027https:\/\/musmed.eu\/source\/13022\u0027 target=\u0027_blank\u0027\u003EF-Pn Lat. 903\u003C\/a\u003E\u003C\/b\u003E\u003C\/td\u003E\u003Ctd\u003E11th\u003C\/td\u003E\u003Ctd\u003E103v\u003C\/td\u003E\u003Ctd\u003E9\u003C\/td\u003E\u003Ctd\u003E\u003Cb\u003E\u003Ca href=\u0027https:\/\/musmed.eu\/chant\/146279\u0027 target=\u0027_blank\u0027\u003ESit nomen domini benedictum ex hoc\u003C\/a\u003E\u003C\/b\u003E\u003C\/td\u003E\u003Ctd\u003ESeptem Fratrum\u003C\/td\u003E\u003Ctd\u003E\u003C\/td\u003E\u003Ctd\u003EAlV\u003C\/td\u003E\u003Ctd\u003E\u003C\/td\u003E\u003Ctd\u003E\u003C\/td\u003E\u003Ctd\u003E\u003Ca href=\u0027https:\/\/gallica.bnf.fr\/ark:\/12148\/btv1b10506538t\/f223.item\u0027 target=\u0027_blank\u0027\u003EImage\u003C\/a\u003E\u003C\/td\u003E\u003Ctd\u003EMMMO\u003C\/td\u003E \u003C\/tr\u003E\n \u003Ctr class=\u0022even\u0022\u003E\u003Ctd\u003E\u003Cb\u003E\u003Ca href=\u0027https:\/\/musmed.eu\/source\/13023\u0027 target=\u0027_blank\u0027\u003EF-Pn Lat. 904\u003C\/a\u003E\u003C\/b\u003E\u003C\/td\u003E\u003Ctd\u003E13th\u003C\/td\u003E\u003Ctd\u003E109v\u003C\/td\u003E\u003Ctd\u003E1\u003C\/td\u003E\u003Ctd\u003E\u003Cb\u003E\u003Ca href=\u0027https:\/\/musmed.eu\/chant\/113678\u0027 target=\u0027_blank\u0027\u003ESit nomen domini benedictum ex hoc\u003C\/a\u003E\u003C\/b\u003E\u003C\/td\u003E\u003Ctd\u003EDom. Resurrectionis\u003C\/td\u003E\u003Ctd\u003E\u003C\/td\u003E\u003Ctd\u003EAlV\u003C\/td\u003E\u003Ctd\u003E\u003C\/td\u003E\u003Ctd\u003E\u003C\/td\u003E\u003Ctd\u003E\u003Ca href=\u0027https:\/\/gallica.bnf.fr\/ark:\/12148\/btv1b84324657\/f230.image\u0027 target=\u0027_blank\u0027\u003EImage\u003C\/a\u003E\u003C\/td\u003E\u003Ctd\u003EMMMO\u003C\/td\u003E \u003C\/tr\u003E\n \u003Ctr class=\u0022odd\u0022\u003E\u003Ctd\u003E\u003Cb\u003E\u003Ca href=\u0027https:\/\/musmed.eu\/source\/13023\u0027 target=\u0027_blank\u0027\u003EF-Pn Lat. 904\u003C\/a\u003E\u003C\/b\u003E\u003C\/td\u003E\u003Ctd\u003E13th\u003C\/td\u003E\u003Ctd\u003E118r\u003C\/td\u003E\u003Ctd\u003E3\u003C\/td\u003E\u003Ctd\u003E\u003Cb\u003E\u003Ca href=\u0027https:\/\/musmed.eu\/chant\/116391\u0027 target=\u0027_blank\u0027\u003ESit nomen domini benedictum ex hoc\u003C\/a\u003E\u003C\/b\u003E\u003C\/td\u003E\u003Ctd\u003ESabbato in Albis\u003C\/td\u003E\u003Ctd\u003E\u003C\/td\u003E\u003Ctd\u003EAlV\u003C\/td\u003E\u003Ctd\u003E\u003C\/td\u003E\u003Ctd\u003E\u003C\/td\u003E\u003Ctd\u003E\u003Ca href=\u0027https:\/\/gallica.bnf.fr\/ark:\/12148\/btv1b84324657\/f247.image\u0027 target=\u0027_blank\u0027\u003EImage\u003C\/a\u003E\u003C\/td\u003E\u003Ctd\u003EMMMO\u003C\/td\u003E \u003C\/tr\u003E\n \u003Ctr class=\u0022even\u0022\u003E\u003Ctd\u003E\u003Cb\u003E\u003Ca href=\u0027https:\/\/musmed.eu\/source\/13023\u0027 target=\u0027_blank\u0027\u003EF-Pn Lat. 904\u003C\/a\u003E\u003C\/b\u003E\u003C\/td\u003E\u003Ctd\u003E13th\u003C\/td\u003E\u003Ctd\u003E251r\u003C\/td\u003E\u003Ctd\u003E3\u003C\/td\u003E\u003Ctd\u003E\u003Cb\u003E\u003Ca href=\u0027https:\/\/musmed.eu\/chant\/130478\u0027 target=\u0027_blank\u0027\u003ESit nomen domini benedictum ex hoc\u003C\/a\u003E\u003C\/b\u003E\u003C\/td\u003E\u003Ctd\u003EComm. plurimorum Martyrum\u003C\/td\u003E\u003Ctd\u003E\u003C\/td\u003E\u003Ctd\u003EAlV\u003C\/td\u003E\u003Ctd\u003E\u003C\/td\u003E\u003Ctd\u003E\u003C\/td\u003E\u003Ctd\u003E\u003Ca href=\u0027https:\/\/gallica.bnf.fr\/ark:\/12148\/btv1b84324657\/f513.item\u0027 target=\u0027_blank\u0027\u003EImage\u003C\/a\u003E\u003C\/td\u003E\u003Ctd\u003EMMMO\u003C\/td\u003E \u003C\/tr\u003E\n \u003Ctr class=\u0022odd\u0022\u003E\u003Ctd\u003E\u003Cb\u003E\u003Ca href=\u0027https:\/\/musmed.eu\/source\/13026\u0027 target=\u0027_blank\u0027\u003EF-Pn Lat. 909\u003C\/a\u003E\u003C\/b\u003E\u003C\/td\u003E\u003Ctd\u003E11th\u003C\/td\u003E\u003Ctd\u003E166r\u003C\/td\u003E\u003Ctd\u003E2\u003C\/td\u003E\u003Ctd\u003E\u003Cb\u003E\u003Ca href=\u0027https:\/\/musmed.eu\/chant\/176228\u0027 target=\u0027_blank\u0027\u003ESit nomen domini *\u003C\/a\u003E\u003C\/b\u003E\u003C\/td\u003E\u003Ctd\u003EDom. per annum\u003C\/td\u003E\u003Ctd\u003E\u003C\/td\u003E\u003Ctd\u003EAlV\u003C\/td\u003E\u003Ctd\u003E\u003C\/td\u003E\u003Ctd\u003E\u003C\/td\u003E\u003Ctd\u003E\u003Ca href=\u0027https:\/\/gallica.bnf.fr\/ark:\/12148\/btv1b84323046\/f339.item\u0027 target=\u0027_blank\u0027\u003EImage\u003C\/a\u003E\u003C\/td\u003E\u003Ctd\u003EMMMO\u003C\/td\u003E \u003C\/tr\u003E\n \u003Ctr class=\u0022even\u0022\u003E\u003Ctd\u003E\u003Cb\u003E\u003Ca href=\u0027https:\/\/musmed.eu\/source\/13026\u0027 target=\u0027_blank\u0027\u003EF-Pn Lat. 909\u003C\/a\u003E\u003C\/b\u003E\u003C\/td\u003E\u003Ctd\u003E11th\u003C\/td\u003E\u003Ctd\u003E195r\u003C\/td\u003E\u003Ctd\u003E3\u003C\/td\u003E\u003Ctd\u003E\u003Cb\u003E\u003Ca href=\u0027https:\/\/musmed.eu\/chant\/176428\u0027 target=\u0027_blank\u0027\u003ESit nomen domini benedictum ex hoc\u003C\/a\u003E\u003C\/b\u003E\u003C\/td\u003E\u003Ctd\u003E\u003C\/td\u003E\u003Ctd\u003EMASS\u003C\/td\u003E\u003Ctd\u003EAlV\u003C\/td\u003E\u003Ctd\u003E\u003C\/td\u003E\u003Ctd\u003E\u003C\/td\u003E\u003Ctd\u003E\u003Ca href=\u0027https:\/\/gallica.bnf.fr\/ark:\/12148\/btv1b84323046\/f397.item\u0027 target=\u0027_blank\u0027\u003EImage\u003C\/a\u003E\u003C\/td\u003E\u003Ctd\u003EMMMO\u003C\/td\u003E \u003C\/tr\u003E\n \u003Ctr class=\u0022odd\u0022\u003E\u003Ctd\u003E\u003Cb\u003E\u003Ca href=\u0027https:\/\/musmed.eu\/source\/15586\u0027 target=\u0027_blank\u0027\u003EF-Pn Lat. 9436\u003C\/a\u003E\u003C\/b\u003E\u003C\/td\u003E\u003Ctd\u003E11th\u003C\/td\u003E\u003Ctd\u003E52v\u003C\/td\u003E\u003Ctd\u003E9\u003C\/td\u003E\u003Ctd\u003E\u003Cb\u003E\u003Ca href=\u0027https:\/\/musmed.eu\/chant\/56039\u0027 target=\u0027_blank\u0027\u003ESit nomen domini benedictum ex hoc\u003C\/a\u003E\u003C\/b\u003E\u003C\/td\u003E\u003Ctd\u003ESabbato in Albis\u003C\/td\u003E\u003Ctd\u003EMASS\u003C\/td\u003E\u003Ctd\u003EAlV\u003C\/td\u003E\u003Ctd\u003E\u003C\/td\u003E\u003Ctd\u003E\u003C\/td\u003E\u003Ctd\u003E\u003Ca href=\u0027https:\/\/gallica.bnf.fr\/ark:\/12148\/btv1b105511278\/f108.image\u0027 target=\u0027_blank\u0027\u003EImage\u003C\/a\u003E\u003C\/td\u003E\u003Ctd\u003EMMMO\u003C\/td\u003E \u003C\/tr\u003E\n \u003Ctr class=\u0022even\u0022\u003E\u003Ctd\u003E\u003Cb\u003E\u003Ca href=\u0027https:\/\/musmed.eu\/source\/13296\u0027 target=\u0027_blank\u0027\u003EF-Pn Lat. 9448\u003C\/a\u003E\u003C\/b\u003E\u003C\/td\u003E\u003Ctd\u003E10th\u003C\/td\u003E\u003Ctd\u003E042v\u003C\/td\u003E\u003Ctd\u003E9\u003C\/td\u003E\u003Ctd\u003E\u003Cb\u003E\u003Ca href=\u0027https:\/\/musmed.eu\/chant\/63110\u0027 target=\u0027_blank\u0027\u003ESit nomen domini benedictum ex hoc\u003C\/a\u003E\u003C\/b\u003E\u003C\/td\u003E\u003Ctd\u003ESabbato in Albis\u003C\/td\u003E\u003Ctd\u003EMASS\u003C\/td\u003E\u003Ctd\u003EAlV\u003C\/td\u003E\u003Ctd\u003E\u003C\/td\u003E\u003Ctd\u003E\u003C\/td\u003E\u003Ctd\u003E\u003Ca href=\u0027https:\/\/gallica.bnf.fr\/ark:\/12148\/btv1b84229915\/f94.item.zoom\u0027 target=\u0027_blank\u0027\u003EImage\u003C\/a\u003E\u003C\/td\u003E\u003Ctd\u003EMMMO\u003C\/td\u003E \u003C\/tr\u003E\n \u003Ctr class=\u0022odd\u0022\u003E\u003Ctd\u003E\u003Cb\u003E\u003Ca href=\u0027https:\/\/musmed.eu\/source\/13550\u0027 target=\u0027_blank\u0027\u003EF-Pn NAL 1890\u003C\/a\u003E\u003C\/b\u003E\u003C\/td\u003E\u003Ctd\u003E12th\u003C\/td\u003E\u003Ctd\u003E106v\u003C\/td\u003E\u003Ctd\u003E1\u003C\/td\u003E\u003Ctd\u003E\u003Cb\u003E\u003Ca href=\u0027https:\/\/musmed.eu\/chant\/84848\u0027 target=\u0027_blank\u0027\u003ESit nomen domini benedictum ex hoc\u003C\/a\u003E\u003C\/b\u003E\u003C\/td\u003E\u003Ctd\u003ENat. Innocentium\u003C\/td\u003E\u003Ctd\u003EMASS\u003C\/td\u003E\u003Ctd\u003EAlV\u003C\/td\u003E\u003Ctd\u003E\u003C\/td\u003E\u003Ctd\u003E\u003C\/td\u003E\u003Ctd\u003E\u003Ca href=\u0027https:\/\/gallica.bnf.fr\/ark:\/12148\/btv1b8426272n\/f220.item.zoom\u0027 target=\u0027_blank\u0027\u003EImage\u003C\/a\u003E\u003C\/td\u003E\u003Ctd\u003EMMMO\u003C\/td\u003E \u003C\/tr\u003E\n \u003Ctr class=\u0022even\u0022\u003E\u003Ctd\u003E\u003Cb\u003E\u003Ca href=\u0027https:\/\/musmed.eu\/source\/14008\u0027 target=\u0027_blank\u0027\u003EF-PR Ms 12\u003C\/a\u003E\u003C\/b\u003E\u003C\/td\u003E\u003Ctd\u003E13th\u003C\/td\u003E\u003Ctd\u003E189v\u003C\/td\u003E\u003Ctd\u003E4\u003C\/td\u003E\u003Ctd\u003E\u003Cb\u003E\u003Ca href=\u0027https:\/\/musmed.eu\/chant\/173885\u0027 target=\u0027_blank\u0027\u003ESit nomen domini benedictum ex hoc\u003C\/a\u003E\u003C\/b\u003E\u003C\/td\u003E\u003Ctd\u003ESeptem Fratrum\u003C\/td\u003E\u003Ctd\u003EMASS\u003C\/td\u003E\u003Ctd\u003EAlV\u003C\/td\u003E\u003Ctd\u003E\u003C\/td\u003E\u003Ctd\u003E\u003C\/td\u003E\u003Ctd\u003E\u003Ca href=\u0027https:\/\/bvmm.irht.cnrs.fr\/consult\/consult.php?mode=ecran\u0026panier=false\u0026reproductionId=4246\u0026VUE_ID=936985\u0026carouselThere=false\u0026nbVignettes=4x3\u0026page=1\u0026angle=0\u0026zoom=moyen\u0026tailleReelle=\u0027 target=\u0027_blank\u0027\u003EImage\u003C\/a\u003E\u003C\/td\u003E\u003Ctd\u003EMMMO\u003C\/td\u003E \u003C\/tr\u003E\n \u003Ctr class=\u0022odd\u0022\u003E\u003Ctd\u003E\u003Cb\u003E\u003Ca href=\u0027https:\/\/musmed.eu\/source\/14067\u0027 target=\u0027_blank\u0027\u003EF-RS Ms 264\u003C\/a\u003E\u003C\/b\u003E\u003C\/td\u003E\u003Ctd\u003E13th\u003C\/td\u003E\u003Ctd\u003E014v\u003C\/td\u003E\u003Ctd\u003E7\u003C\/td\u003E\u003Ctd\u003E\u003Cb\u003E\u003Ca href=\u0027https:\/\/musmed.eu\/chant\/121526\u0027 target=\u0027_blank\u0027\u003ESit nomen domini benedictum ex hoc\u003C\/a\u003E\u003C\/b\u003E\u003C\/td\u003E\u003Ctd\u003ESabbato in Albis\u003C\/td\u003E\u003Ctd\u003E\u003C\/td\u003E\u003Ctd\u003EAlV\u003C\/td\u003E\u003Ctd\u003E\u003C\/td\u003E\u003Ctd\u003E\u003C\/td\u003E\u003Ctd\u003E\u003Ca href=\u0027https:\/\/bvmm.irht.cnrs.fr\/consult\/consult.php?mode=ecran\u0026panier=false\u0026reproductionId=2212\u0026VUE_ID=588450\u0026carouselThere=true\u0026nbVignettes=4x3\u0026page=2\u0026angle=0\u0026zoom=petit\u0026tailleReelle=\u0027 target=\u0027_blank\u0027\u003EImage\u003C\/a\u003E\u003C\/td\u003E\u003Ctd\u003EMMMO\u003C\/td\u003E \u003C\/tr\u003E\n \u003Ctr class=\u0022even\u0022\u003E\u003Ctd\u003E\u003Cb\u003E\u003Ca href=\u0027https:\/\/musmed.eu\/source\/14067\u0027 target=\u0027_blank\u0027\u003EF-RS Ms 264\u003C\/a\u003E\u003C\/b\u003E\u003C\/td\u003E\u003Ctd\u003E13th\u003C\/td\u003E\u003Ctd\u003E037r\u003C\/td\u003E\u003Ctd\u003E2\u003C\/td\u003E\u003Ctd\u003E\u003Cb\u003E\u003Ca href=\u0027https:\/\/musmed.eu\/chant\/121954\u0027 target=\u0027_blank\u0027\u003ESit nomen domini benedictum ex hoc\u003C\/a\u003E\u003C\/b\u003E\u003C\/td\u003E\u003Ctd\u003ENat. Innocentium\u003C\/td\u003E\u003Ctd\u003E\u003C\/td\u003E\u003Ctd\u003EAlV\u003C\/td\u003E\u003Ctd\u003E\u003C\/td\u003E\u003Ctd\u003E\u003C\/td\u003E\u003Ctd\u003E\u003Ca href=\u0027https:\/\/bvmm.irht.cnrs.fr\/consult\/consult.php?mode=ecran\u0026panier=false\u0026reproductionId=2212\u0026VUE_ID=588475\u0026carouselThere=true\u0026nbVignettes=4x3\u0026page=4\u0026angle=0\u0026zoom=petit\u0026tailleReelle=\u0027 target=\u0027_blank\u0027\u003EImage\u003C\/a\u003E\u003C\/td\u003E\u003Ctd\u003EMMMO\u003C\/td\u003E \u003C\/tr\u003E\n \u003Ctr class=\u0022odd\u0022\u003E\u003Ctd\u003E\u003Cb\u003E\u003Ca href=\u0027https:\/\/musmed.eu\/source\/15006\u0027 target=\u0027_blank\u0027\u003EF-VN Ms 759\u003C\/a\u003E\u003C\/b\u003E\u003C\/td\u003E\u003Ctd\u003E13th\u003C\/td\u003E\u003Ctd\u003E112r\u003C\/td\u003E\u003Ctd\u003E3\u003C\/td\u003E\u003Ctd\u003E\u003Cb\u003E\u003Ca href=\u0027https:\/\/musmed.eu\/chant\/235864\u0027 target=\u0027_blank\u0027\u003ESit nomen Domini benedictum ex hoc\u003C\/a\u003E\u003C\/b\u003E\u003C\/td\u003E\u003Ctd\u003ESabbato in Albis\u003C\/td\u003E\u003Ctd\u003EMASS\u003C\/td\u003E\u003Ctd\u003EAlV\u003C\/td\u003E\u003Ctd\u003E\u003C\/td\u003E\u003Ctd\u003E\u003C\/td\u003E\u003Ctd\u003E\u003C\/td\u003E\u003Ctd\u003EMMMO\u003C\/td\u003E \u003C\/tr\u003E\n \u003Ctr class=\u0022even\u0022\u003E\u003Ctd\u003E\u003Cb\u003E\u003Ca href=\u0027https:\/\/cantusdatabase.org\/source\/123603\u0027 target=\u0027_blank\u0027\u003EGB-Cu Mm.ii.9\u003C\/a\u003E\u003C\/b\u003E\u003C\/td\u003E\u003Ctd\u003E\u003C\/td\u003E\u003Ctd\u003E239\u003C\/td\u003E\u003Ctd\u003E5\u003C\/td\u003E\u003Ctd\u003E\u003Cb\u003E\u003Ca href=\u0027https:\/\/cantusdatabase.org\/chant\/210889\u0027 target=\u0027_blank\u0027\u003ESit nomen domini benedictum\u003C\/a\u003E\u003C\/b\u003E\u003C\/td\u003E\u003Ctd\u003EDom. Resurrectionis\u003C\/td\u003E\u003Ctd\u003EX\u003C\/td\u003E\u003Ctd\u003EAlV\u003C\/td\u003E\u003Ctd\u003E01\u003C\/td\u003E\u003Ctd\u003E\u003C\/td\u003E\u003Ctd\u003E\u003C\/td\u003E\u003Ctd\u003ECD\u003C\/td\u003E \u003C\/tr\u003E\n \u003Ctr class=\u0022odd\u0022\u003E\u003Ctd\u003E\u003Cb\u003E\u003Ca href=\u0027https:\/\/musmed.eu\/source\/22359\u0027 target=\u0027_blank\u0027\u003EGB-Lbl Add 18032\u003C\/a\u003E\u003C\/b\u003E\u003C\/td\u003E\u003Ctd\u003E13th\u003C\/td\u003E\u003Ctd\u003E043v\u003C\/td\u003E\u003Ctd\u003E1\u003C\/td\u003E\u003Ctd\u003E\u003Cb\u003E\u003Ca href=\u0027https:\/\/musmed.eu\/chant\/169595\u0027 target=\u0027_blank\u0027\u003ESit nomen Domini benedictum ex hoc\u003C\/a\u003E\u003C\/b\u003E\u003C\/td\u003E\u003Ctd\u003ESabbato in Albis\u003C\/td\u003E\u003Ctd\u003EMASS\u003C\/td\u003E\u003Ctd\u003EAlV\u003C\/td\u003E\u003Ctd\u003E\u003C\/td\u003E\u003Ctd\u003E4\u003C\/td\u003E\u003Ctd\u003E\u003Ca href=\u0027https:\/\/manuscrits-france-angleterre.org\/view3if\/pl\/ark:\/81055\/vdc_100055984026.0x000001\/f94\u0027 target=\u0027_blank\u0027\u003EImage\u003C\/a\u003E\u003C\/td\u003E\u003Ctd\u003EMMMO\u003C\/td\u003E \u003C\/tr\u003E\n \u003Ctr class=\u0022even\u0022\u003E\u003Ctd\u003E\u003Cb\u003E\u003Ca href=\u0027https:\/\/musmed.eu\/source\/22359\u0027 target=\u0027_blank\u0027\u003EGB-Lbl Add 18032\u003C\/a\u003E\u003C\/b\u003E\u003C\/td\u003E\u003Ctd\u003E13th\u003C\/td\u003E\u003Ctd\u003E143v\u003C\/td\u003E\u003Ctd\u003E8\u003C\/td\u003E\u003Ctd\u003E\u003Cb\u003E\u003Ca href=\u0027https:\/\/musmed.eu\/chant\/170940\u0027 target=\u0027_blank\u0027\u003ESit [nomen domini]*\u003C\/a\u003E\u003C\/b\u003E\u003C\/td\u003E\u003Ctd\u003ESeptem Fratrum\u003C\/td\u003E\u003Ctd\u003EMASS\u003C\/td\u003E\u003Ctd\u003EAlV\u003C\/td\u003E\u003Ctd\u003E\u003C\/td\u003E\u003Ctd\u003E\u003C\/td\u003E\u003Ctd\u003E\u003Ca href=\u0027https:\/\/manuscrits-france-angleterre.org\/view3if\/pl\/ark:\/81055\/vdc_100055984026.0x000001\/f294\u0027 target=\u0027_blank\u0027\u003EImage\u003C\/a\u003E\u003C\/td\u003E\u003Ctd\u003EMMMO\u003C\/td\u003E \u003C\/tr\u003E\n \u003Ctr class=\u0022odd\u0022\u003E\u003Ctd\u003E\u003Cb\u003E\u003Ca href=\u0027https:\/\/musmed.eu\/source\/29527\u0027 target=\u0027_blank\u0027\u003EGB-Lbl Harley 4951\u003C\/a\u003E\u003C\/b\u003E\u003C\/td\u003E\u003Ctd\u003E11th\u003C\/td\u003E\u003Ctd\u003E274v\u003C\/td\u003E\u003Ctd\u003E5\u003C\/td\u003E\u003Ctd\u003E\u003Cb\u003E\u003Ca href=\u0027https:\/\/musmed.eu\/chant\/64960\u0027 target=\u0027_blank\u0027\u003ESit nomen domini benedictum ex hoc\u003C\/a\u003E\u003C\/b\u003E\u003C\/td\u003E\u003Ctd\u003ESeptem Fratrum\u003C\/td\u003E\u003Ctd\u003E\u003C\/td\u003E\u003Ctd\u003EAlV\u003C\/td\u003E\u003Ctd\u003E\u003C\/td\u003E\u003Ctd\u003E\u003C\/td\u003E\u003Ctd\u003E\u003Ca href=\u0027http:\/\/www.bl.uk\/manuscripts\/Viewer.aspx?ref=harley_ms_4951_f274v\u0027 target=\u0027_blank\u0027\u003EImage\u003C\/a\u003E\u003C\/td\u003E\u003Ctd\u003EMMMO\u003C\/td\u003E \u003C\/tr\u003E\n \u003Ctr class=\u0022even\u0022\u003E\u003Ctd\u003E\u003Cb\u003E\u003Ca href=\u0027https:\/\/hun-chant.eu\/source\/1314\u0027 target=\u0027_blank\u0027\u003EH-Bn Clmae 172a, 172b \u2013 Graduale Cassoviense I-II\u003C\/a\u003E\u003C\/b\u003E\u003C\/td\u003E\u003Ctd\u003E\u003C\/td\u003E\u003Ctd\u003E208v\u003C\/td\u003E\u003Ctd\u003E3\u003C\/td\u003E\u003Ctd\u003E\u003Cb\u003E\u003Ca href=\u0027https:\/\/hun-chant.eu\/chant\/609374\u0027 target=\u0027_blank\u0027\u003ESit nomen Domini\u003C\/a\u003E\u003C\/b\u003E\u003C\/td\u003E\u003Ctd\u003EH1\/S\u003C\/td\u003E\u003Ctd\u003E\u003C\/td\u003E\u003Ctd\u003EAllV\u003C\/td\u003E\u003Ctd\u003E3\u003C\/td\u003E\u003Ctd\u003E\u003C\/td\u003E\u003Ctd\u003E\u003C\/td\u003E\u003Ctd\u003EHCD\u003C\/td\u003E \u003C\/tr\u003E\n \u003Ctr class=\u0022odd\u0022\u003E\u003Ctd\u003E\u003Cb\u003E\u003Ca href=\u0027https:\/\/hun-chant.eu\/source\/1332\u0027 target=\u0027_blank\u0027\u003EH-Efk\u00f6 MS I. 3. a \u2013 Graduale Wladislai\u003C\/a\u003E\u003C\/b\u003E\u003C\/td\u003E\u003Ctd\u003E\u003C\/td\u003E\u003Ctd\u003E144r\u003C\/td\u003E\u003Ctd\u003E2\u003C\/td\u003E\u003Ctd\u003E\u003Cb\u003E\u003Ca href=\u0027https:\/\/hun-chant.eu\/chant\/599330\u0027 target=\u0027_blank\u0027\u003ESit nomen Domini\u003C\/a\u003E\u003C\/b\u003E\u003C\/td\u003E\u003Ctd\u003EH1\/S\u003C\/td\u003E\u003Ctd\u003E\u003C\/td\u003E\u003Ctd\u003EV\u003C\/td\u003E\u003Ctd\u003E2\u003C\/td\u003E\u003Ctd\u003E4\u003C\/td\u003E\u003Ctd\u003E\u003C\/td\u003E\u003Ctd\u003EHCD\u003C\/td\u003E \u003C\/tr\u003E\n \u003Ctr class=\u0022even\u0022\u003E\u003Ctd\u003E\u003Cb\u003E\u003Ca href=\u0027https:\/\/musmed.eu\/source\/236017\u0027 target=\u0027_blank\u0027\u003EI-Tn G.V.20\u003C\/a\u003E\u003C\/b\u003E\u003C\/td\u003E\u003Ctd\u003E11th\u003C\/td\u003E\u003Ctd\u003E107r\u003C\/td\u003E\u003Ctd\u003E2\u003C\/td\u003E\u003Ctd\u003E\u003Cb\u003E\u003Ca href=\u0027https:\/\/musmed.eu\/chant\/237846\u0027 target=\u0027_blank\u0027\u003ESit nomen domini benedictum ex hoc\u003C\/a\u003E\u003C\/b\u003E\u003C\/td\u003E\u003Ctd\u003ESabbato in Albis\u003C\/td\u003E\u003Ctd\u003E\u003C\/td\u003E\u003Ctd\u003EAlV\u003C\/td\u003E\u003Ctd\u003E\u003C\/td\u003E\u003Ctd\u003E\u003C\/td\u003E\u003Ctd\u003E\u003Ca href=\u0027https:\/\/musmed.eu\/visualiseur-iiif?manifest=https%3A%2F%2Fiiif.diamm.net%2Fmanifests%2FI-Tn-G-V-20%2Fmanifest.json\u0026page=212\u0026brightness=85\u0026contrast=95\u0026saturation=0\u0026sepia=0\u0026grayscale=100\u0026sharpness=25\u0026clarity=40\u0026invert=1\u0027 target=\u0027_blank\u0027\u003EImage\u003C\/a\u003E\u003C\/td\u003E\u003Ctd\u003EMMMO\u003C\/td\u003E \u003C\/tr\u003E\n \u003Ctr class=\u0022odd\u0022\u003E\u003Ctd\u003E\u003Cb\u003E\u003Ca href=\u0027https:\/\/musmed.eu\/source\/15626\u0027 target=\u0027_blank\u0027\u003ENL-Uu Hs. 0415\u003C\/a\u003E\u003C\/b\u003E\u003C\/td\u003E\u003Ctd\u003E15th\u003C\/td\u003E\u003Ctd\u003E097r\u003C\/td\u003E\u003Ctd\u003E4\u003C\/td\u003E\u003Ctd\u003E\u003Cb\u003E\u003Ca href=\u0027https:\/\/musmed.eu\/chant\/131526\u0027 target=\u0027_blank\u0027\u003ESit nomen domini benedictum ex hoc\u003C\/a\u003E\u003C\/b\u003E\u003C\/td\u003E\u003Ctd\u003ESabbato in Albis\u003C\/td\u003E\u003Ctd\u003E\u003C\/td\u003E\u003Ctd\u003EAlV\u003C\/td\u003E\u003Ctd\u003E\u003C\/td\u003E\u003Ctd\u003E\u003C\/td\u003E\u003Ctd\u003E\u003Ca href=\u0027http:\/\/objects.library.uu.nl\/reader\/index.php?obj=1874-339013\u0026lan=en#page\/\/13\/60\/74\/136074195720146137459599270449798527154.jpg\/mode\/1up\u0027 target=\u0027_blank\u0027\u003EImage\u003C\/a\u003E\u003C\/td\u003E\u003Ctd\u003EMMMO\u003C\/td\u003E \u003C\/tr\u003E\n \u003Ctr class=\u0022even\u0022\u003E\u003Ctd\u003E\u003Cb\u003E\u003Ca href=\u0027https:\/\/cantus.ispan.pl\/source\/13732\u0027 target=\u0027_blank\u0027\u003EPL-Kl RL 1 Gradua\u0142 wi\u015blicki\u003C\/a\u003E\u003C\/b\u003E\u003C\/td\u003E\u003Ctd\u003E14th\u003C\/td\u003E\u003Ctd\u003E114v\u003C\/td\u003E\u003Ctd\u003E1\u003C\/td\u003E\u003Ctd\u003E\u003Cb\u003E\u003Ca href=\u0027https:\/\/cantus.ispan.pl\/chant\/32473\u0027 target=\u0027_blank\u0027\u003ESit nomen domini benedictum ex hoc\u003C\/a\u003E\u003C\/b\u003E\u003C\/td\u003E\u003Ctd\u003ESabbato in Albis\u003C\/td\u003E\u003Ctd\u003EMASS\u003C\/td\u003E\u003Ctd\u003EAl\u003C\/td\u003E\u003Ctd\u003E\u003C\/td\u003E\u003Ctd\u003E4\u003C\/td\u003E\u003Ctd\u003E\u003Ca href=\u0027https:\/\/cantus.ispan.pl\/image\/32434\u0027 target=\u0027_blank\u0027\u003EImage\u003C\/a\u003E\u003C\/td\u003E\u003Ctd\u003ECPL\u003C\/td\u003E \u003C\/tr\u003E\n \u003Ctr class=\u0022odd\u0022\u003E\u003Ctd\u003E\u003Cb\u003E\u003Ca href=\u0027https:\/\/cantus.ispan.pl\/source\/4559\u0027 target=\u0027_blank\u0027\u003EPL-Wn 12722 V Gradua\u0142 opata tynieckiego M\u015bcis\u0142awa\u003C\/a\u003E\u003C\/b\u003E\u003C\/td\u003E\u003Ctd\u003E14th\u003C\/td\u003E\u003Ctd\u003E149v\u003C\/td\u003E\u003Ctd\u003E2\u003C\/td\u003E\u003Ctd\u003E\u003Cb\u003E\u003Ca href=\u0027https:\/\/cantus.ispan.pl\/chant\/29741\u0027 target=\u0027_blank\u0027\u003ESit nomen domini benedictum ex hoc\u003C\/a\u003E\u003C\/b\u003E\u003C\/td\u003E\u003Ctd\u003ESabbato in Albis\u003C\/td\u003E\u003Ctd\u003EMASS\u003C\/td\u003E\u003Ctd\u003EAl\u003C\/td\u003E\u003Ctd\u003E\u003C\/td\u003E\u003Ctd\u003E\u003C\/td\u003E\u003Ctd\u003E\u003Ca href=\u0027https:\/\/cantus.ispan.pl\/image\/29497\u0027 target=\u0027_blank\u0027\u003EImage\u003C\/a\u003E\u003C\/td\u003E\u003Ctd\u003ECPL\u003C\/td\u003E \u003C\/tr\u003E\n \u003Ctr class=\u0022even\u0022\u003E\u003Ctd\u003E\u003Cb\u003E\u003Ca href=\u0027https:\/\/cantus.ispan.pl\/source\/4559\u0027 target=\u0027_blank\u0027\u003EPL-Wn 12722 V Gradua\u0142 opata tynieckiego M\u015bcis\u0142awa\u003C\/a\u003E\u003C\/b\u003E\u003C\/td\u003E\u003Ctd\u003E14th\u003C\/td\u003E\u003Ctd\u003E243r\u003C\/td\u003E\u003Ctd\u003E1\u003C\/td\u003E\u003Ctd\u003E\u003Cb\u003E\u003Ca href=\u0027https:\/\/cantus.ispan.pl\/chant\/30621\u0027 target=\u0027_blank\u0027\u003ESit nomen domini benedictum ex hoc\u003C\/a\u003E\u003C\/b\u003E\u003C\/td\u003E\u003Ctd\u003ESeptem Fratrum\u003C\/td\u003E\u003Ctd\u003EMASS\u003C\/td\u003E\u003Ctd\u003EAl\u003C\/td\u003E\u003Ctd\u003E\u003C\/td\u003E\u003Ctd\u003E1\u003C\/td\u003E\u003Ctd\u003E\u003Ca href=\u0027https:\/\/cantus.ispan.pl\/image\/30573\u0027 target=\u0027_blank\u0027\u003EImage\u003C\/a\u003E\u003C\/td\u003E\u003Ctd\u003ECPL\u003C\/td\u003E \u003C\/tr\u003E\n \u003Ctr class=\u0022odd\u0022\u003E\u003Ctd\u003E\u003Cb\u003E\u003Ca href=\u0027https:\/\/cantus.sk\/source\/16685\u0027 target=\u0027_blank\u0027\u003ESK-Bra (Bratislava) Missale of Bratislava I EC Lad. 3\u003C\/a\u003E\u003C\/b\u003E\u003C\/td\u003E\u003Ctd\u003E14th\u003C\/td\u003E\u003Ctd\u003E148rb\u003C\/td\u003E\u003Ctd\u003E3\u003C\/td\u003E\u003Ctd\u003E\u003Cb\u003E\u003Ca href=\u0027https:\/\/cantus.sk\/chant\/23377\u0027 target=\u0027_blank\u0027\u003ESit nomen domini benedictum ex hoc\u003C\/a\u003E\u003C\/b\u003E\u003C\/td\u003E\u003Ctd\u003ESabbato in Albis\u003C\/td\u003E\u003Ctd\u003EMASS\u003C\/td\u003E\u003Ctd\u003EAlV\u003C\/td\u003E\u003Ctd\u003E01\u003C\/td\u003E\u003Ctd\u003E\u003C\/td\u003E\u003Ctd\u003E\u003Ca href=\u0027https:\/\/cantus.sk\/image\/17150\u0027 target=\u0027_blank\u0027\u003EImage\u003C\/a\u003E\u003C\/td\u003E\u003Ctd\u003ECSK\u003C\/td\u003E \u003C\/tr\u003E\n \u003Ctr class=\u0022even\u0022\u003E\u003Ctd\u003E\u003Cb\u003E\u003Ca href=\u0027https:\/\/hun-chant.eu\/source\/1536\u0027 target=\u0027_blank\u0027\u003ESK-BRa EC Lad. 3, EL 18 \u2013 Missale notatum Strigoniense\u003C\/a\u003E\u003C\/b\u003E\u003C\/td\u003E\u003Ctd\u003E\u003C\/td\u003E\u003Ctd\u003E067r\u003C\/td\u003E\u003Ctd\u003E2\u003C\/td\u003E\u003Ctd\u003E\u003Cb\u003E\u003Ca href=\u0027https:\/\/hun-chant.eu\/chant\/604197\u0027 target=\u0027_blank\u0027\u003ESit nomen Domini\u003C\/a\u003E\u003C\/b\u003E\u003C\/td\u003E\u003Ctd\u003EH1\/S\u003C\/td\u003E\u003Ctd\u003E\u003C\/td\u003E\u003Ctd\u003EAll\u003C\/td\u003E\u003Ctd\u003E2\u003C\/td\u003E\u003Ctd\u003E4\u003C\/td\u003E\u003Ctd\u003E\u003C\/td\u003E\u003Ctd\u003EHCD\u003C\/td\u003E \u003C\/tr\u003E\n \u003Ctr class=\u0022odd\u0022\u003E\u003Ctd\u003E\u003Cb\u003E\u003Ca href=\u0027https:\/\/cantus.sk\/source\/26226\u0027 target=\u0027_blank\u0027\u003ESK-BRl (Bratislava) Rkp. 387 Missale Notatum\u003C\/a\u003E\u003C\/b\u003E\u003C\/td\u003E\u003Ctd\u003E13th\u003C\/td\u003E\u003Ctd\u003E031r\u003C\/td\u003E\u003Ctd\u003E3\u003C\/td\u003E\u003Ctd\u003E\u003Cb\u003E\u003Ca href=\u0027https:\/\/cantus.sk\/chant\/26399\u0027 target=\u0027_blank\u0027\u003ESit nomen domini benedictum ex hoc\u003C\/a\u003E\u003C\/b\u003E\u003C\/td\u003E\u003Ctd\u003ESabbato in Albis\u003C\/td\u003E\u003Ctd\u003EMASS\u003C\/td\u003E\u003Ctd\u003EAlV\u003C\/td\u003E\u003Ctd\u003E01\u003C\/td\u003E\u003Ctd\u003E\u003C\/td\u003E\u003Ctd\u003E\u003C\/td\u003E\u003Ctd\u003ECSK\u003C\/td\u003E \u003C\/tr\u003E\n \u003Ctr class=\u0022even\u0022\u003E\u003Ctd\u003E\u003Cb\u003E\u003Ca href=\u0027https:\/\/cantus.sk\/source\/26226\u0027 target=\u0027_blank\u0027\u003ESK-BRl (Bratislava) Rkp. 387 Missale Notatum\u003C\/a\u003E\u003C\/b\u003E\u003C\/td\u003E\u003Ctd\u003E13th\u003C\/td\u003E\u003Ctd\u003E151v\u003C\/td\u003E\u003Ctd\u003E6\u003C\/td\u003E\u003Ctd\u003E\u003Cb\u003E\u003Ca href=\u0027https:\/\/cantus.sk\/chant\/26825\u0027 target=\u0027_blank\u0027\u003ESit nomen domini benedictum ex hoc\u003C\/a\u003E\u003C\/b\u003E\u003C\/td\u003E\u003Ctd\u003ESeptem Fratrum\u003C\/td\u003E\u003Ctd\u003EMASS\u003C\/td\u003E\u003Ctd\u003EAlV\u003C\/td\u003E\u003Ctd\u003E01\u003C\/td\u003E\u003Ctd\u003E\u003C\/td\u003E\u003Ctd\u003E\u003C\/td\u003E\u003Ctd\u003ECSK\u003C\/td\u003E \u003C\/tr\u003E\n \u003Ctr class=\u0022odd\u0022\u003E\u003Ctd\u003E\u003Cb\u003E\u003Ca href=\u0027https:\/\/cantus.sk\/source\/6778\u0027 target=\u0027_blank\u0027\u003ESK-Sk (Spi\u0161ska Kapitula) Graduale Scepusiense\u003C\/a\u003E\u003C\/b\u003E\u003C\/td\u003E\u003Ctd\u003E15th\u003C\/td\u003E\u003Ctd\u003E106v\u003C\/td\u003E\u003Ctd\u003E3\u003C\/td\u003E\u003Ctd\u003E\u003Cb\u003E\u003Ca href=\u0027https:\/\/cantus.sk\/chant\/24487\u0027 target=\u0027_blank\u0027\u003ESit nomen domini benedictum ex hoc\u003C\/a\u003E\u003C\/b\u003E\u003C\/td\u003E\u003Ctd\u003ESabbato in Albis\u003C\/td\u003E\u003Ctd\u003EMASS\u003C\/td\u003E\u003Ctd\u003EAlV\u003C\/td\u003E\u003Ctd\u003E01\u003C\/td\u003E\u003Ctd\u003E\u003C\/td\u003E\u003Ctd\u003E\u003Ca href=\u0027https:\/\/cantus.sk\/image\/9898\u0027 target=\u0027_blank\u0027\u003EImage\u003C\/a\u003E\u003C\/td\u003E\u003Ctd\u003ECSK\u003C\/td\u003E \u003C\/tr\u003E\n \u003Ctr class=\u0022even\u0022\u003E\u003Ctd\u003E\u003Cb\u003E\u003Ca href=\u0027https:\/\/musmed.eu\/source\/14749\u0027 target=\u0027_blank\u0027\u003EV-CVbav Archivio di San Pietro F.22\u003C\/a\u003E\u003C\/b\u003E\u003C\/td\u003E\u003Ctd\u003E13th\u003C\/td\u003E\u003Ctd\u003E058r\u003C\/td\u003E\u003Ctd\u003E6\u003C\/td\u003E\u003Ctd\u003E\u003Cb\u003E\u003Ca href=\u0027https:\/\/musmed.eu\/chant\/61856\u0027 target=\u0027_blank\u0027\u003ESit nomen domini benedictum ex hoc\u003C\/a\u003E\u003C\/b\u003E\u003C\/td\u003E\u003Ctd\u003ESabbato in Albis\u003C\/td\u003E\u003Ctd\u003E\u003C\/td\u003E\u003Ctd\u003EAlV\u003C\/td\u003E\u003Ctd\u003E\u003C\/td\u003E\u003Ctd\u003E\u003C\/td\u003E\u003Ctd\u003E\u003Ca href=\u0027https:\/\/digi.vatlib.it\/view\/MSS_Arch.Cap.S.Pietro.F.22\/115\u0027 target=\u0027_blank\u0027\u003EImage\u003C\/a\u003E\u003C\/td\u003E\u003Ctd\u003EMMMO\u003C\/td\u003E \u003C\/tr\u003E\n \u003Ctr class=\u0022odd\u0022\u003E\u003Ctd\u003E\u003Cb\u003E\u003Ca href=\u0027https:\/\/musmed.eu\/source\/98746\u0027 target=\u0027_blank\u0027\u003EV-CVbav Ross. 76\u003C\/a\u003E\u003C\/b\u003E\u003C\/td\u003E\u003Ctd\u003E13th\u003C\/td\u003E\u003Ctd\u003E109r\u003C\/td\u003E\u003Ctd\u003E1\u003C\/td\u003E\u003Ctd\u003E\u003Cb\u003E\u003Ca href=\u0027https:\/\/musmed.eu\/chant\/177522\u0027 target=\u0027_blank\u0027\u003ESit nomen domini benedictum ex hoc\u003C\/a\u003E\u003C\/b\u003E\u003C\/td\u003E\u003Ctd\u003ESabbato in Albis\u003C\/td\u003E\u003Ctd\u003E\u003C\/td\u003E\u003Ctd\u003EAlV\u003C\/td\u003E\u003Ctd\u003E\u003C\/td\u003E\u003Ctd\u003E\u003C\/td\u003E\u003Ctd\u003E\u003Ca href=\u0027https:\/\/digi.vatlib.it\/view\/MSS_Ross.76\/229\u0027 target=\u0027_blank\u0027\u003EImage\u003C\/a\u003E\u003C\/td\u003E\u003Ctd\u003EMMMO\u003C\/td\u003E \u003C\/tr\u003E\n \u003Ctr class=\u0022even\u0022\u003E\u003Ctd\u003E\u003Cb\u003E\u003Ca href=\u0027https:\/\/musmed.eu\/source\/14915\u0027 target=\u0027_blank\u0027\u003EV-CVbav Vat. lat. 5319\u003C\/a\u003E\u003C\/b\u003E\u003C\/td\u003E\u003Ctd\u003E12th\u003C\/td\u003E\u003Ctd\u003E095v\u003C\/td\u003E\u003Ctd\u003E2\u003C\/td\u003E\u003Ctd\u003E\u003Cb\u003E\u003Ca href=\u0027https:\/\/musmed.eu\/chant\/49065\u0027 target=\u0027_blank\u0027\u003ESit nomen domini benedictum ex hoc\u003C\/a\u003E\u003C\/b\u003E\u003C\/td\u003E\u003Ctd\u003ESabbato in Albis\u003C\/td\u003E\u003Ctd\u003EMASS\u003C\/td\u003E\u003Ctd\u003EAlV\u003C\/td\u003E\u003Ctd\u003E\u003C\/td\u003E\u003Ctd\u003E\u003C\/td\u003E\u003Ctd\u003E\u003Ca href=\u0027https:\/\/digi.vatlib.it\/view\/MSS_Vat.lat.5319\/198\u0027 target=\u0027_blank\u0027\u003EImage\u003C\/a\u003E\u003C\/td\u003E\u003Ctd\u003EMMMO\u003C\/td\u003E \u003C\/tr\u003E\n\u003C\/tbody\u003E\n\u003C\/table\u003E\n","settings":null}]